{"id":19880,"date":"2019-03-26T16:51:24","date_gmt":"2019-03-26T16:51:24","guid":{"rendered":"http:\/\/www.radiolibertadmundo.com\/web\/?p=19880"},"modified":"2019-03-26T16:51:25","modified_gmt":"2019-03-26T16:51:25","slug":"anunciaron-remodelacion-de-la-i-e-virgen-del-carmen","status":"publish","type":"post","link":"http:\/\/www.radiolibertadmundo.com\/web\/anunciaron-remodelacion-de-la-i-e-virgen-del-carmen\/","title":{"rendered":"Anunciaron remodelaci\u00f3n de la I. E. Virgen del Carmen"},"content":{"rendered":"\n<ul class=\"wp-block-gallery columns-1 is-cropped wp-block-gallery-1 is-layout-flex wp-block-gallery-is-layout-flex\"><li class=\"blocks-gallery-item\"><figure><img loading=\"lazy\" decoding=\"async\" width=\"960\" height=\"720\" src=\"http:\/\/www.radiolibertadmundo.com\/web\/wp-content\/uploads\/54524492_2571708356234198_1610112514043936768_n.jpg\" alt=\"\" data-id=\"19881\" data-link=\"http:\/\/www.radiolibertadmundo.com\/web\/?attachment_id=19881\" class=\"wp-image-19881\" srcset=\"http:\/\/www.radiolibertadmundo.com\/web\/wp-content\/uploads\/54524492_2571708356234198_1610112514043936768_n.jpg 960w, http:\/\/www.radiolibertadmundo.com\/web\/wp-content\/uploads\/54524492_2571708356234198_1610112514043936768_n-300x225.jpg 300w, http:\/\/www.radiolibertadmundo.com\/web\/wp-content\/uploads\/54524492_2571708356234198_1610112514043936768_n-768x576.jpg 768w\" sizes=\"auto, (max-width: 960px) 100vw, 960px\" \/><\/figure><\/li><\/ul>\n\n\n\n<h2 class=\"wp-block-heading\"><\/h2>\n\n\n\n<p><br>El alcalde de\u00a0El Porvenir, V\u00edctor Rebaza, se reuni\u00f3 con los padres familia y docentes del colegio Virgen del Carmen para anunciarles que en mayo se estar\u00e1 firmando el convenio\u00a0Programa Nacional de Infraestructura Educativa (PRONIED) por m\u00e1s de 8 millones para ampliaci\u00f3n y remodelaci\u00f3n de dicho centro educativo que alberga a m\u00e1s 2 mil alumnos en los tres niveles.<\/p>\n\n\n\n<p>El colegio N\u00b0 506212 Virgen del Carmen tiene los niveles de inicial, primaria y secundaria del barrio 5 A tiene un costo de 8 millones 196 mil soles para construir 21 aulas en 3 niveles y bater\u00edas de servicios higi\u00e9nicos en cada nivel, dos losas deportivas, dos patios de formaci\u00f3n, un coliseo escolar con sus servicios higi\u00e9nicos, vestuarios y almac\u00e9n, tanques cisternas elevados, \u00e1reas verdes y mobiliarios para sus aulas.&nbsp;\u00abEl&nbsp;Programa Nacional de Infraestructura Educativa (PRONIED) tiene el objetivo de ampliar, mejorar, sustituir, rehabilitar y\/o construir infraestructura, pero con todos niveles de la modernidad\u00bb, se\u00f1al\u00f3.<\/p>\n\n\n\n<p>La directora Renee Jara Valverde y presidente de APAFA Pedro Ch\u00e1vez Ru\u00edz, expresaron que ya era el momento que se anuncie la ejecuci\u00f3n de este importante proyecto en favor de los miles de alumnos que reciben clases en forma precariedad y no ayuda mejorar la ense\u00f1anza de los docentes y de los propios alumnos.\u00a0Rebaza\u00a0anunci\u00f3 en esta reuni\u00f3n a las padres familias que en los pr\u00f3ximos meses con la firma de convenio con el Ministerio de Vivienda, Saneamiento y Construcci\u00f3n se ejecutar\u00e1 en el Barrio 5 por un monto 4 millones 135 mil soles y el Barrio 6 la inversi\u00f3n de 4 millones 238 mil soles de pistas y veredas, que va permitir mejorar la calidad de vida de 10 mil familias en esos sectores.<br><\/p>\n\n\n\n<p><\/p>\n","protected":false},"excerpt":{"rendered":"<div class=\"mh-excerpt\"><p>El alcalde de\u00a0El Porvenir, V\u00edctor Rebaza, se reuni\u00f3 con los padres familia y docentes del colegio Virgen del Carmen para anunciarles que en mayo se <a class=\"mh-excerpt-more\" href=\"http:\/\/www.radiolibertadmundo.com\/web\/anunciaron-remodelacion-de-la-i-e-virgen-del-carmen\/\" title=\"Anunciaron remodelaci\u00f3n de la I. E. Virgen del Carmen\">[&#8230;]<\/a><\/p>\n<\/div>","protected":false},"author":1,"featured_media":19882,"comment_status":"open","ping_status":"open","sticky":false,"template":"","format":"gallery","meta":{"footnotes":""},"categories":[3],"tags":[],"class_list":["post-19880","post","type-post","status-publish","format-gallery","has-post-thumbnail","hentry","category-noticias","post_format-post-format-gallery"],"_links":{"self":[{"href":"http:\/\/www.radiolibertadmundo.com\/web\/wp-json\/wp\/v2\/posts\/19880","targetHints":{"allow":["GET"]}}],"collection":[{"href":"http:\/\/www.radiolibertadmundo.com\/web\/wp-json\/wp\/v2\/posts"}],"about":[{"href":"http:\/\/www.radiolibertadmundo.com\/web\/wp-json\/wp\/v2\/types\/post"}],"author":[{"embeddable":true,"href":"http:\/\/www.radiolibertadmundo.com\/web\/wp-json\/wp\/v2\/users\/1"}],"replies":[{"embeddable":true,"href":"http:\/\/www.radiolibertadmundo.com\/web\/wp-json\/wp\/v2\/comments?post=19880"}],"version-history":[{"count":1,"href":"http:\/\/www.radiolibertadmundo.com\/web\/wp-json\/wp\/v2\/posts\/19880\/revisions"}],"predecessor-version":[{"id":19883,"href":"http:\/\/www.radiolibertadmundo.com\/web\/wp-json\/wp\/v2\/posts\/19880\/revisions\/19883"}],"wp:featuredmedia":[{"embeddable":true,"href":"http:\/\/www.radiolibertadmundo.com\/web\/wp-json\/wp\/v2\/media\/19882"}],"wp:attachment":[{"href":"http:\/\/www.radiolibertadmundo.com\/web\/wp-json\/wp\/v2\/media?parent=19880"}],"wp:term":[{"taxonomy":"category","embeddable":true,"href":"http:\/\/www.radiolibertadmundo.com\/web\/wp-json\/wp\/v2\/categories?post=19880"},{"taxonomy":"post_tag","embeddable":true,"href":"http:\/\/www.radiolibertadmundo.com\/web\/wp-json\/wp\/v2\/tags?post=19880"}],"curies":[{"name":"wp","href":"https:\/\/api.w.org\/{rel}","templated":true}]}}