{"id":19876,"date":"2019-03-26T16:45:47","date_gmt":"2019-03-26T16:45:47","guid":{"rendered":"http:\/\/www.radiolibertadmundo.com\/web\/?p=19876"},"modified":"2019-03-26T16:45:48","modified_gmt":"2019-03-26T16:45:48","slug":"municipios-refuerzan-seguridad-con-serenazgo-sin-fronteras","status":"publish","type":"post","link":"http:\/\/www.radiolibertadmundo.com\/web\/municipios-refuerzan-seguridad-con-serenazgo-sin-fronteras\/","title":{"rendered":"Municipios refuerzan seguridad con \u00abSerenazgo sin Fronteras\u00bb"},"content":{"rendered":"\n<ul class=\"wp-block-gallery columns-1 is-cropped wp-block-gallery-1 is-layout-flex wp-block-gallery-is-layout-flex\"><li class=\"blocks-gallery-item\"><figure><img loading=\"lazy\" decoding=\"async\" width=\"265\" height=\"148\" src=\"http:\/\/www.radiolibertadmundo.com\/web\/wp-content\/uploads\/municipios-refuerza-seguridad-con-serenazgo-son-877774-426245-jpg_265x148.jpg\" alt=\"\" data-id=\"19877\" data-link=\"http:\/\/www.radiolibertadmundo.com\/web\/?attachment_id=19877\" class=\"wp-image-19877\"\/><\/figure><\/li><\/ul>\n\n\n\n<h2 class=\"wp-block-heading\"><\/h2>\n\n\n\n<p><br>Con el objetivo de reforzar el patrullaje de Seguridad Ciudadana en\u00a0Trujillo\u00a0y sus distritos, la comuna provincial firm\u00f3 un convenio como parte del programa\u00a0\u00abSerenazgo Sin Fronteras\u00bb con los distritos de\u00a0Florencia de Mora, La Espernza, Huanchaco y El Porvenir. El alcalde Daniel Marcelo anunci\u00f3 que en la \u00faltima sesi\u00f3n del\u00a0Comit\u00e9 Provincial de Seguridad Ciudadana (Coprosec)\u00a0se acord\u00f3 comprar 10 camionetas m\u00e1s para que apoyen con el patrullaje preventivo en los distritos antes mencionados. Es as\u00ed, que en los pr\u00f3ximos d\u00edas se realizar\u00e1n los diversos procesos para la adquisici\u00f3n de las camionetas. Esto ser\u00e1 reforzado con la presencia policial en cada una de las unidades de patrullaje.<\/p>\n\n\n\n<p><\/p>\n","protected":false},"excerpt":{"rendered":"<div class=\"mh-excerpt\"><p>Con el objetivo de reforzar el patrullaje de Seguridad Ciudadana en\u00a0Trujillo\u00a0y sus distritos, la comuna provincial firm\u00f3 un convenio como parte del programa\u00a0\u00abSerenazgo Sin Fronteras\u00bb <a class=\"mh-excerpt-more\" href=\"http:\/\/www.radiolibertadmundo.com\/web\/municipios-refuerzan-seguridad-con-serenazgo-sin-fronteras\/\" title=\"Municipios refuerzan seguridad con \u00abSerenazgo sin Fronteras\u00bb\">[&#8230;]<\/a><\/p>\n<\/div>","protected":false},"author":1,"featured_media":19878,"comment_status":"open","ping_status":"open","sticky":false,"template":"","format":"gallery","meta":{"footnotes":""},"categories":[3],"tags":[],"class_list":["post-19876","post","type-post","status-publish","format-gallery","has-post-thumbnail","hentry","category-noticias","post_format-post-format-gallery"],"_links":{"self":[{"href":"http:\/\/www.radiolibertadmundo.com\/web\/wp-json\/wp\/v2\/posts\/19876","targetHints":{"allow":["GET"]}}],"collection":[{"href":"http:\/\/www.radiolibertadmundo.com\/web\/wp-json\/wp\/v2\/posts"}],"about":[{"href":"http:\/\/www.radiolibertadmundo.com\/web\/wp-json\/wp\/v2\/types\/post"}],"author":[{"embeddable":true,"href":"http:\/\/www.radiolibertadmundo.com\/web\/wp-json\/wp\/v2\/users\/1"}],"replies":[{"embeddable":true,"href":"http:\/\/www.radiolibertadmundo.com\/web\/wp-json\/wp\/v2\/comments?post=19876"}],"version-history":[{"count":1,"href":"http:\/\/www.radiolibertadmundo.com\/web\/wp-json\/wp\/v2\/posts\/19876\/revisions"}],"predecessor-version":[{"id":19879,"href":"http:\/\/www.radiolibertadmundo.com\/web\/wp-json\/wp\/v2\/posts\/19876\/revisions\/19879"}],"wp:featuredmedia":[{"embeddable":true,"href":"http:\/\/www.radiolibertadmundo.com\/web\/wp-json\/wp\/v2\/media\/19878"}],"wp:attachment":[{"href":"http:\/\/www.radiolibertadmundo.com\/web\/wp-json\/wp\/v2\/media?parent=19876"}],"wp:term":[{"taxonomy":"category","embeddable":true,"href":"http:\/\/www.radiolibertadmundo.com\/web\/wp-json\/wp\/v2\/categories?post=19876"},{"taxonomy":"post_tag","embeddable":true,"href":"http:\/\/www.radiolibertadmundo.com\/web\/wp-json\/wp\/v2\/tags?post=19876"}],"curies":[{"name":"wp","href":"https:\/\/api.w.org\/{rel}","templated":true}]}}