{"id":19868,"date":"2019-03-26T16:35:27","date_gmt":"2019-03-26T16:35:27","guid":{"rendered":"http:\/\/www.radiolibertadmundo.com\/web\/?p=19868"},"modified":"2019-03-26T16:35:28","modified_gmt":"2019-03-26T16:35:28","slug":"venezolana-ataca-con-un-cuchillo-a-ambulante-por-mas-espacio-en-la-vereda","status":"publish","type":"post","link":"http:\/\/www.radiolibertadmundo.com\/web\/venezolana-ataca-con-un-cuchillo-a-ambulante-por-mas-espacio-en-la-vereda\/","title":{"rendered":"Venezolana ataca con un cuchillo a ambulante por m\u00e1s espacio en la vereda"},"content":{"rendered":"\n<ul class=\"wp-block-gallery columns-1 is-cropped wp-block-gallery-1 is-layout-flex wp-block-gallery-is-layout-flex\"><li class=\"blocks-gallery-item\"><figure><img loading=\"lazy\" decoding=\"async\" width=\"265\" height=\"148\" src=\"http:\/\/www.radiolibertadmundo.com\/web\/wp-content\/uploads\/venezolana-ataca-con-un-cuchillo-a-ambulante-po-877970-090178-jpg_265x148.jpg\" alt=\"\" data-id=\"19869\" data-link=\"http:\/\/www.radiolibertadmundo.com\/web\/?attachment_id=19869\" class=\"wp-image-19869\"\/><\/figure><\/li><\/ul>\n\n\n\n<h2 class=\"wp-block-heading\"><\/h2>\n\n\n\n<p>Una vendedora ambulante de nacionalidad venezolana atac\u00f3 con un filudo cuchillo a otra comerciante por ocupar m\u00e1s espacio en la vereda, la tarde de ayer en la primera cuadra de la avenida Eguren, frente al mercado Zonal Palermo de\u00a0Trujillo. La mujer que ha sido identificada como\u00a0Reyna Blanco de 25 a\u00f1os y fue aprehendida por los agentes de Seguridad Ciudadana luego de ser alertados por los vendedores de la zona de que hab\u00eda agredido con un corte en el rostro\u00a0a S.V.Ll. de 26 a\u00f1os luego de discutir por m\u00e1s espacio en la v\u00eda p\u00fablica.<\/p>\n\n\n\n<p>Luego de tranquilizar a las f\u00e9minas, los efectivos policiales las han trasladado a\u00a0la comisar\u00eda La Noria, para las diligencias de ley que correspondan. En tanto que los agentes de\u00a0Seguridad Ciudadana de Trujillo\u00a0han conducido a la agraviada, en el patrullero municipal, a la referida dependencia, para que registre la denuncia respectiva, a donde ha ido acompa\u00f1ada de su madre, quien ha agradecido a los uniformados por la ayuda prestada.<br><\/p>\n\n\n\n<p><\/p>\n","protected":false},"excerpt":{"rendered":"<div class=\"mh-excerpt\"><p>Una vendedora ambulante de nacionalidad venezolana atac\u00f3 con un filudo cuchillo a otra comerciante por ocupar m\u00e1s espacio en la vereda, la tarde de ayer <a class=\"mh-excerpt-more\" href=\"http:\/\/www.radiolibertadmundo.com\/web\/venezolana-ataca-con-un-cuchillo-a-ambulante-por-mas-espacio-en-la-vereda\/\" title=\"Venezolana ataca con un cuchillo a ambulante por m\u00e1s espacio en la vereda\">[&#8230;]<\/a><\/p>\n<\/div>","protected":false},"author":1,"featured_media":19870,"comment_status":"open","ping_status":"open","sticky":false,"template":"","format":"gallery","meta":{"footnotes":""},"categories":[3],"tags":[],"class_list":["post-19868","post","type-post","status-publish","format-gallery","has-post-thumbnail","hentry","category-noticias","post_format-post-format-gallery"],"_links":{"self":[{"href":"http:\/\/www.radiolibertadmundo.com\/web\/wp-json\/wp\/v2\/posts\/19868","targetHints":{"allow":["GET"]}}],"collection":[{"href":"http:\/\/www.radiolibertadmundo.com\/web\/wp-json\/wp\/v2\/posts"}],"about":[{"href":"http:\/\/www.radiolibertadmundo.com\/web\/wp-json\/wp\/v2\/types\/post"}],"author":[{"embeddable":true,"href":"http:\/\/www.radiolibertadmundo.com\/web\/wp-json\/wp\/v2\/users\/1"}],"replies":[{"embeddable":true,"href":"http:\/\/www.radiolibertadmundo.com\/web\/wp-json\/wp\/v2\/comments?post=19868"}],"version-history":[{"count":1,"href":"http:\/\/www.radiolibertadmundo.com\/web\/wp-json\/wp\/v2\/posts\/19868\/revisions"}],"predecessor-version":[{"id":19871,"href":"http:\/\/www.radiolibertadmundo.com\/web\/wp-json\/wp\/v2\/posts\/19868\/revisions\/19871"}],"wp:featuredmedia":[{"embeddable":true,"href":"http:\/\/www.radiolibertadmundo.com\/web\/wp-json\/wp\/v2\/media\/19870"}],"wp:attachment":[{"href":"http:\/\/www.radiolibertadmundo.com\/web\/wp-json\/wp\/v2\/media?parent=19868"}],"wp:term":[{"taxonomy":"category","embeddable":true,"href":"http:\/\/www.radiolibertadmundo.com\/web\/wp-json\/wp\/v2\/categories?post=19868"},{"taxonomy":"post_tag","embeddable":true,"href":"http:\/\/www.radiolibertadmundo.com\/web\/wp-json\/wp\/v2\/tags?post=19868"}],"curies":[{"name":"wp","href":"https:\/\/api.w.org\/{rel}","templated":true}]}}