{"id":19864,"date":"2019-03-26T16:27:21","date_gmt":"2019-03-26T16:27:21","guid":{"rendered":"http:\/\/www.radiolibertadmundo.com\/web\/?p=19864"},"modified":"2019-03-26T16:27:22","modified_gmt":"2019-03-26T16:27:22","slug":"salvador-del-solar-descarta-cuestion-de-confianza-y-confirma-que-ira-al-congreso-el-4-de-abril","status":"publish","type":"post","link":"http:\/\/www.radiolibertadmundo.com\/web\/salvador-del-solar-descarta-cuestion-de-confianza-y-confirma-que-ira-al-congreso-el-4-de-abril\/","title":{"rendered":"Salvador Del Solar descarta cuesti\u00f3n de confianza y confirma que ir\u00e1 al Congreso el 4 de abril"},"content":{"rendered":"\n<ul class=\"wp-block-gallery columns-1 is-cropped wp-block-gallery-1 is-layout-flex wp-block-gallery-is-layout-flex\"><li class=\"blocks-gallery-item\"><figure><img loading=\"lazy\" decoding=\"async\" width=\"604\" height=\"340\" src=\"http:\/\/www.radiolibertadmundo.com\/web\/wp-content\/uploads\/salvador-del-solar-descarta-cuestion-de-confianz-877867-854070-jpg_604x0.jpg\" alt=\"\" data-id=\"19865\" data-link=\"http:\/\/www.radiolibertadmundo.com\/web\/?attachment_id=19865\" class=\"wp-image-19865\" srcset=\"http:\/\/www.radiolibertadmundo.com\/web\/wp-content\/uploads\/salvador-del-solar-descarta-cuestion-de-confianz-877867-854070-jpg_604x0.jpg 604w, http:\/\/www.radiolibertadmundo.com\/web\/wp-content\/uploads\/salvador-del-solar-descarta-cuestion-de-confianz-877867-854070-jpg_604x0-300x169.jpg 300w\" sizes=\"auto, (max-width: 604px) 100vw, 604px\" \/><\/figure><\/li><\/ul>\n\n\n\n<h2 class=\"wp-block-heading\"><\/h2>\n\n\n\n<p><br>La \u201cluna de miel\u201d pol\u00edtica entre el presidente Mart\u00edn Vizcarra y Daniel Salaverry, titular del Congreso, se evidenci\u00f3 ayer fr\u00e1gil como una vasija de porcelana. Y pudo hacerse trizas, debido a las duras expresiones desde un lado y otro, de no ser por el oportuno olfato pol\u00edtico del premier Salvador del Solar, quien, de manera sorpresiva, apareci\u00f3 en el Congreso y fue recibido en privado por Salaverry. El incidente comenz\u00f3 temprano, cuando el presidente Vizcarra blandi\u00f3 la herramienta de la cuesti\u00f3n de confianza si el Parlamento continuaba sin aprobar las reformas de justicia.<\/p>\n\n\n\n<p>Daniel Salaverry no tard\u00f3 en responder con rudeza. \u201cCada vez que el Ejecutivo cae en las encuestas, colisionan, confrontan al Congreso. Yo creo que ha llegado el momento de frenar y para eso lo que hay que hacer es articular y sumar esfuerzos para sacar adelante esta reforma pol\u00edtica\u201d, manifest\u00f3 a la prensa. Por ello, exhort\u00f3 al Gobierno a no \u201cutilizar las herramientas que le permite la ley\u201d como una estrategia estad\u00edstica para subir en los sondeos de opini\u00f3n. Es as\u00ed que invoc\u00f3 a Vizcarra Cornejo a centrarse en atender la demanda de la poblaci\u00f3n en los temas que a ellos realmente les preocupan.<\/p>\n\n\n\n<p>En la actualidad existen seis proyectos relacionados a la reforma judicial que -seg\u00fan Rosa Bartra- ya han sido aprobados conjuntamente en las comisiones de Constituci\u00f3n y de Justicia, y est\u00e1n a la espera para ponerlos en agenda del pleno. Por ese motivo, el Mandatario se refiri\u00f3 a la presunta demora en el Legislativo respecto a esas iniciativas; sin embargo, para Salaverry Villa, el Parlamento lo que menos quiere es mostrar un mensaje de dilataci\u00f3n a los proyectos del Ejecutivo. \u201cEn el Congreso hay una serie de proyectos de ley presentados sobre temas de reforma pol\u00edtica que van a ser recogidos, pero no quiero que demos un mensaje a la poblaci\u00f3n que aqu\u00ed queremos dilatar esas reformas; por lo tanto, vamos a replantear esas reformas\u201d, asegur\u00f3.<\/p>\n\n\n\n<p>Explic\u00f3 que los proyectos existentes presentados en el Congreso sobre reforma pol\u00edtica pueden ser \u201cun punto de partida\u201d y que sumados a las propuestas del Ejecutivo sean debatidos. Sobre estos proyectos que est\u00e1n por ser debatidos ante la representaci\u00f3n nacional respecto a la reforma judicial, Salaverry dijo que no solo basta con ponerlos en la agenda del pleno, sino que tambi\u00e9n se requiere de la voluntad y predisposici\u00f3n de los presidentes de las comisiones de Constituci\u00f3n y Justicia para que sustenten sus dict\u00e1menes. Entre otros temas, Daniel Salaverry tambi\u00e9n record\u00f3 que su instituci\u00f3n ha trabajado muy duro en temas fundamentales como la destituci\u00f3n de los magistrados del Consejo Nacional de la Magistratura (CNM), la aprobaci\u00f3n de las reformas constitucionales, la aprobaci\u00f3n de la ley org\u00e1nica de la Junta Nacional de Justicia y; por lo tanto, ahora se enfocar\u00e1n en impulsar la reforma pol\u00edtica<\/p>\n\n\n\n<p>Por otra parte, llam\u00f3 la atenci\u00f3n la sorpresiva visita que hizo el primer ministro, Salvador del Solar, al Congreso de la Rep\u00fablica para reunirse con Daniel Salaverry en una reuni\u00f3n privada de 20 minutos, donde se establecieron los puntos de coordinaci\u00f3n para llevar adelante importantes reformas para el pa\u00eds. De esta manera, el Premier fue el intermediario para poner pa\u00f1os fr\u00edos al entredicho entre los titulares del Legislativo y Ejecutivo. \u201cHemos conversado con el presidente del Congreso de esta voluntad de buscar consensos y de dar se\u00f1ales a la ciudadan\u00eda de que tenemos la voluntad de trabajar juntos. Siempre habr\u00e1 espacios para las discrepancias democr\u00e1ticas, pero que tenemos que trabajar para sacar adelante reformas que el pa\u00eds espera, como la reforma de justicia, la reforma pol\u00edtica y ese ha sido el tenor de nuestra reuni\u00f3n\u201d, indic\u00f3 al t\u00e9rmino del encuentro.<\/p>\n\n\n\n<p>Cuando se le consult\u00f3 por lo dicho por Mart\u00edn Vizcarra y el posible planteamiento de una cuesti\u00f3n de confianza, precis\u00f3 que el Ejecutivo viene trabajando en una \u00fanica hip\u00f3tesis, que es la colaboraci\u00f3n responsable con el Congreso. \u201cLa hip\u00f3tesis sobre la que estamos trabajando de manera conjunta es la de la colaboraci\u00f3n responsable y prioritaria, esa es la hip\u00f3tesis del Gobierno. No nos estamos poniendo en la hip\u00f3tesis en las que se le hacen preguntas al Presidente, \u2018\u00bfque pasar\u00eda&#8230;?\u2019; estamos tratando de reforzar en nuestros compromisos mutuos la hip\u00f3tesis de trabajar de manera responsable\u201d, enfatiz\u00f3. <\/p>\n\n\n\n<p>El tambi\u00e9n actor anunci\u00f3 que el pr\u00f3ximo jueves 4 de abril acudir\u00e1 al Congreso de la Rep\u00fablica junto a todo su gabinete a solicitar el voto de investidura. Previo a ello, en los pr\u00f3ximos d\u00edas ya iniciar\u00e1 la ronda de di\u00e1logos con las distintas bancadas parlamentarias, lo cual no hab\u00eda hecho -seg\u00fan explic\u00f3- hasta primero conversar con Daniel Salaverry de manera formal. A su turno, Daniel Salaverry reafirm\u00f3 la posici\u00f3n del Premier y ratific\u00f3 la voluntad para llevar adelante las reformas tanto judiciales como pol\u00edticas que son beneficiosas para el Per\u00fa. \u201cLe he expresado la voluntad pol\u00edtica para sacar adelante estas reformas y que no duden los peruanos que muy pronto vamos a tener un sistema de justicia ya reformado y una reforma pol\u00edtica que nos permita un nuevo sistema democr\u00e1tico en nuestro pa\u00eds\u201d, asever\u00f3.<\/p>\n\n\n\n<p><\/p>\n","protected":false},"excerpt":{"rendered":"<div class=\"mh-excerpt\"><p>La \u201cluna de miel\u201d pol\u00edtica entre el presidente Mart\u00edn Vizcarra y Daniel Salaverry, titular del Congreso, se evidenci\u00f3 ayer fr\u00e1gil como una vasija de porcelana. <a class=\"mh-excerpt-more\" href=\"http:\/\/www.radiolibertadmundo.com\/web\/salvador-del-solar-descarta-cuestion-de-confianza-y-confirma-que-ira-al-congreso-el-4-de-abril\/\" title=\"Salvador Del Solar descarta cuesti\u00f3n de confianza y confirma que ir\u00e1 al Congreso el 4 de abril\">[&#8230;]<\/a><\/p>\n<\/div>","protected":false},"author":1,"featured_media":19866,"comment_status":"open","ping_status":"open","sticky":false,"template":"","format":"gallery","meta":{"footnotes":""},"categories":[3],"tags":[],"class_list":["post-19864","post","type-post","status-publish","format-gallery","has-post-thumbnail","hentry","category-noticias","post_format-post-format-gallery"],"_links":{"self":[{"href":"http:\/\/www.radiolibertadmundo.com\/web\/wp-json\/wp\/v2\/posts\/19864","targetHints":{"allow":["GET"]}}],"collection":[{"href":"http:\/\/www.radiolibertadmundo.com\/web\/wp-json\/wp\/v2\/posts"}],"about":[{"href":"http:\/\/www.radiolibertadmundo.com\/web\/wp-json\/wp\/v2\/types\/post"}],"author":[{"embeddable":true,"href":"http:\/\/www.radiolibertadmundo.com\/web\/wp-json\/wp\/v2\/users\/1"}],"replies":[{"embeddable":true,"href":"http:\/\/www.radiolibertadmundo.com\/web\/wp-json\/wp\/v2\/comments?post=19864"}],"version-history":[{"count":1,"href":"http:\/\/www.radiolibertadmundo.com\/web\/wp-json\/wp\/v2\/posts\/19864\/revisions"}],"predecessor-version":[{"id":19867,"href":"http:\/\/www.radiolibertadmundo.com\/web\/wp-json\/wp\/v2\/posts\/19864\/revisions\/19867"}],"wp:featuredmedia":[{"embeddable":true,"href":"http:\/\/www.radiolibertadmundo.com\/web\/wp-json\/wp\/v2\/media\/19866"}],"wp:attachment":[{"href":"http:\/\/www.radiolibertadmundo.com\/web\/wp-json\/wp\/v2\/media?parent=19864"}],"wp:term":[{"taxonomy":"category","embeddable":true,"href":"http:\/\/www.radiolibertadmundo.com\/web\/wp-json\/wp\/v2\/categories?post=19864"},{"taxonomy":"post_tag","embeddable":true,"href":"http:\/\/www.radiolibertadmundo.com\/web\/wp-json\/wp\/v2\/tags?post=19864"}],"curies":[{"name":"wp","href":"https:\/\/api.w.org\/{rel}","templated":true}]}}