{"id":19848,"date":"2019-03-23T16:46:47","date_gmt":"2019-03-23T16:46:47","guid":{"rendered":"http:\/\/www.radiolibertadmundo.com\/web\/?p=19848"},"modified":"2019-03-23T16:46:48","modified_gmt":"2019-03-23T16:46:48","slug":"censura-a-vicente-zeballos-se-cae-en-el-congreso","status":"publish","type":"post","link":"http:\/\/www.radiolibertadmundo.com\/web\/censura-a-vicente-zeballos-se-cae-en-el-congreso\/","title":{"rendered":"Censura a Vicente Zeballos se cae en el Congreso"},"content":{"rendered":"\n<ul class=\"wp-block-gallery columns-1 is-cropped wp-block-gallery-1 is-layout-flex wp-block-gallery-is-layout-flex\"><li class=\"blocks-gallery-item\"><figure><img loading=\"lazy\" decoding=\"async\" width=\"604\" height=\"337\" src=\"http:\/\/www.radiolibertadmundo.com\/web\/wp-content\/uploads\/interpelacion-a-vicente-zeballos-ministro-de-jus-877081-951396-jpg_604x0-2.jpg\" alt=\"\" data-id=\"19849\" data-link=\"http:\/\/www.radiolibertadmundo.com\/web\/?attachment_id=19849\" class=\"wp-image-19849\" srcset=\"http:\/\/www.radiolibertadmundo.com\/web\/wp-content\/uploads\/interpelacion-a-vicente-zeballos-ministro-de-jus-877081-951396-jpg_604x0-2.jpg 604w, http:\/\/www.radiolibertadmundo.com\/web\/wp-content\/uploads\/interpelacion-a-vicente-zeballos-ministro-de-jus-877081-951396-jpg_604x0-2-300x167.jpg 300w\" sizes=\"auto, (max-width: 604px) 100vw, 604px\" \/><\/figure><\/li><\/ul>\n\n\n\n<h2 class=\"wp-block-heading\"><\/h2>\n\n\n\n<p><br>El foco de la\u00a0interpelaci\u00f3n del Congreso por la firma del acuerdo de colaboraci\u00f3n eficaz con Odebrecht\u00a0cambi\u00f3 de v\u00eda. Si en un primer momento se cuestion\u00f3 el papel del ministro de Justicia,\u00a0Vicente Zeballos, ahora se ha puesto en tela de juicio la permanencia de los procuradores ad hoc del caso \u201cLava Jato\u201d:\u00a0Jorge Ram\u00edrez\u00a0y su adjunta\u00a0Silvana Carri\u00f3n. En el segundo d\u00eda del pleno, ayer, y tras casi 14 horas de debate, Zeballos afirm\u00f3 tras culminar la interpelaci\u00f3n que escuchar\u00e1 los descargos de ambos personajes como parte \u201cdel debido proceso\u201d antes de tomar una decisi\u00f3n sobre su permanencia en el sector. <\/p>\n\n\n\n<p>En la v\u00edspera, Ram\u00edrez y Carri\u00f3n fueron vinculados con las agrupaciones Chim Pum Callao y la propia Odebrecht, respectivamente, por el congresista V\u00edctor Andr\u00e9s Garc\u00eda Belaunde. \u201cSon dos profesionales que han venido cumpliendo una labor encomiable y muy profesional. Sin embargo, ha habido un cargo formulado en una audiencia p\u00fablica en el Congreso. Lo menos que podemos hacer es dar el derecho al debido proceso; es decir, escuchar sus descargos y luego se tomar\u00e1 la determinaci\u00f3n que resulte m\u00e1s pertinente\u201d, dijo Zeballos sobre los cuestionamientos del Congreso.\u00a0<\/p>\n\n\n\n<p>Sin embargo, agreg\u00f3 que esto no puede servir de insumo para neutralizar lo que significan los avances en este acuerdo de colaboraci\u00f3n eficaz.El titular del Minjus indic\u00f3 que ha recogido las interrogantes formuladas por los legisladores sin adentrarse en la subjetividad de las mismas, por lo que \u201ctomaremos en las pr\u00f3ximas horas\u201d una decisi\u00f3n. Destac\u00f3 que los procuradores han realizado, desde su designaci\u00f3n en el 2017, \u201cun trabajo muy objetivo, muy comprometido, muy profesional\u201d.\u201cAqu\u00ed lo particular ser\u00eda si es que ellos est\u00e1n inmersos en alguna denuncia, en alg\u00fan acto de corrupci\u00f3n. \u00bfHay alg\u00fan proceso penal que siquiera los est\u00e9 procesando? \u00bfHay alguna sentencia penal que los haga responsables de un acto il\u00edcito? No tenemos la evidencia\u201d, se\u00f1al\u00f3.<\/p>\n\n\n\n<p>Cabe se\u00f1alar que \u201cVitocho\u201d ha recordado que Ram\u00edrez fue procurador del exalcalde de Ventanilla Omar Marcos, uno de los dirigentes de Chim Pum Callao, agrupaci\u00f3n que lider\u00f3 el pr\u00f3fugo F\u00e9lix Moreno. Tambi\u00e9n sostuvo que el IPD inhabilit\u00f3 el a\u00f1o pasado a Ram\u00edrez por malos manejos \u201cy conductas raras\u201d en una elecci\u00f3n.De su adjunta, Silvana Carri\u00f3n, se\u00f1al\u00f3 que ha sido parte de un estudio de abogados (Azabache Caracciolo) que defendi\u00f3 a Odebrecht.<\/p>\n\n\n\n<p><\/p>\n","protected":false},"excerpt":{"rendered":"<div class=\"mh-excerpt\"><p>El foco de la\u00a0interpelaci\u00f3n del Congreso por la firma del acuerdo de colaboraci\u00f3n eficaz con Odebrecht\u00a0cambi\u00f3 de v\u00eda. Si en un primer momento se cuestion\u00f3 <a class=\"mh-excerpt-more\" href=\"http:\/\/www.radiolibertadmundo.com\/web\/censura-a-vicente-zeballos-se-cae-en-el-congreso\/\" title=\"Censura a Vicente Zeballos se cae en el Congreso\">[&#8230;]<\/a><\/p>\n<\/div>","protected":false},"author":1,"featured_media":19850,"comment_status":"open","ping_status":"open","sticky":false,"template":"","format":"gallery","meta":{"footnotes":""},"categories":[3],"tags":[],"class_list":["post-19848","post","type-post","status-publish","format-gallery","has-post-thumbnail","hentry","category-noticias","post_format-post-format-gallery"],"_links":{"self":[{"href":"http:\/\/www.radiolibertadmundo.com\/web\/wp-json\/wp\/v2\/posts\/19848","targetHints":{"allow":["GET"]}}],"collection":[{"href":"http:\/\/www.radiolibertadmundo.com\/web\/wp-json\/wp\/v2\/posts"}],"about":[{"href":"http:\/\/www.radiolibertadmundo.com\/web\/wp-json\/wp\/v2\/types\/post"}],"author":[{"embeddable":true,"href":"http:\/\/www.radiolibertadmundo.com\/web\/wp-json\/wp\/v2\/users\/1"}],"replies":[{"embeddable":true,"href":"http:\/\/www.radiolibertadmundo.com\/web\/wp-json\/wp\/v2\/comments?post=19848"}],"version-history":[{"count":1,"href":"http:\/\/www.radiolibertadmundo.com\/web\/wp-json\/wp\/v2\/posts\/19848\/revisions"}],"predecessor-version":[{"id":19851,"href":"http:\/\/www.radiolibertadmundo.com\/web\/wp-json\/wp\/v2\/posts\/19848\/revisions\/19851"}],"wp:featuredmedia":[{"embeddable":true,"href":"http:\/\/www.radiolibertadmundo.com\/web\/wp-json\/wp\/v2\/media\/19850"}],"wp:attachment":[{"href":"http:\/\/www.radiolibertadmundo.com\/web\/wp-json\/wp\/v2\/media?parent=19848"}],"wp:term":[{"taxonomy":"category","embeddable":true,"href":"http:\/\/www.radiolibertadmundo.com\/web\/wp-json\/wp\/v2\/categories?post=19848"},{"taxonomy":"post_tag","embeddable":true,"href":"http:\/\/www.radiolibertadmundo.com\/web\/wp-json\/wp\/v2\/tags?post=19848"}],"curies":[{"name":"wp","href":"https:\/\/api.w.org\/{rel}","templated":true}]}}