{"id":17813,"date":"2018-10-12T16:41:08","date_gmt":"2018-10-12T16:41:08","guid":{"rendered":"http:\/\/www.radiolibertadmundo.com\/web\/?p=17813"},"modified":"2018-10-12T16:41:08","modified_gmt":"2018-10-12T16:41:08","slug":"trabajador-de-obrainsa-pierde-la-vida-tras-ser-arrollado-por-un-omnibus","status":"publish","type":"post","link":"http:\/\/www.radiolibertadmundo.com\/web\/trabajador-de-obrainsa-pierde-la-vida-tras-ser-arrollado-por-un-omnibus\/","title":{"rendered":"Trabajador de Obrainsa pierde la vida tras ser arrollado por un \u00f3mnibus"},"content":{"rendered":"<p><a href=\"http:\/\/www.radiolibertadmundo.com\/web\/trabajador-de-obrainsa-pierde-la-vida-tras-ser-arrollado-por-un-omnibus\/trabajador-de-obrainsa-pierde-la-vida-tras-ser-arr-847197-033385-jpg_604x0\/\" rel=\"attachment wp-att-17814\"><img loading=\"lazy\" decoding=\"async\" class=\"alignnone size-full wp-image-17814\" src=\"http:\/\/www.radiolibertadmundo.com\/web\/wp-content\/uploads\/trabajador-de-obrainsa-pierde-la-vida-tras-ser-arr-847197-033385-jpg_604x0.jpg\" alt=\"\" width=\"604\" height=\"420\" srcset=\"http:\/\/www.radiolibertadmundo.com\/web\/wp-content\/uploads\/trabajador-de-obrainsa-pierde-la-vida-tras-ser-arr-847197-033385-jpg_604x0.jpg 604w, http:\/\/www.radiolibertadmundo.com\/web\/wp-content\/uploads\/trabajador-de-obrainsa-pierde-la-vida-tras-ser-arr-847197-033385-jpg_604x0-300x209.jpg 300w\" sizes=\"auto, (max-width: 604px) 100vw, 604px\" \/><\/a><\/p>\n<p>Un trabajador de la empresa\u00a0Obrainsa perdi\u00f3 la vida luego que fuera arrollado por un bus de la empresa de transportes \u00abSandrita\u00bb en el distrito de Chugay, en la provincia de S\u00e1nchez Carri\u00f3n, en\u00a0La Libertad.<\/p>\n<p>El accidente de tr\u00e1nsito se registr\u00f3 esta ma\u00f1ana cuando el obrero se encontraba realizando labores en el sector San Salvador.\u00a0Hasta el momento se desconoce la identidad del occiso que ser\u00eda natural de Marcabal. La Polic\u00eda investiga las causas de este accidente.<\/p>\n","protected":false},"excerpt":{"rendered":"<div class=\"mh-excerpt\"><p>Un trabajador de la empresa\u00a0Obrainsa perdi\u00f3 la vida luego que fuera arrollado por un bus de la empresa de transportes \u00abSandrita\u00bb en el distrito de <a class=\"mh-excerpt-more\" href=\"http:\/\/www.radiolibertadmundo.com\/web\/trabajador-de-obrainsa-pierde-la-vida-tras-ser-arrollado-por-un-omnibus\/\" title=\"Trabajador de Obrainsa pierde la vida tras ser arrollado por un \u00f3mnibus\">[&#8230;]<\/a><\/p>\n<\/div>","protected":false},"author":1,"featured_media":17814,"comment_status":"open","ping_status":"open","sticky":false,"template":"","format":"gallery","meta":{"footnotes":""},"categories":[3],"tags":[],"class_list":["post-17813","post","type-post","status-publish","format-gallery","has-post-thumbnail","hentry","category-noticias","post_format-post-format-gallery"],"_links":{"self":[{"href":"http:\/\/www.radiolibertadmundo.com\/web\/wp-json\/wp\/v2\/posts\/17813","targetHints":{"allow":["GET"]}}],"collection":[{"href":"http:\/\/www.radiolibertadmundo.com\/web\/wp-json\/wp\/v2\/posts"}],"about":[{"href":"http:\/\/www.radiolibertadmundo.com\/web\/wp-json\/wp\/v2\/types\/post"}],"author":[{"embeddable":true,"href":"http:\/\/www.radiolibertadmundo.com\/web\/wp-json\/wp\/v2\/users\/1"}],"replies":[{"embeddable":true,"href":"http:\/\/www.radiolibertadmundo.com\/web\/wp-json\/wp\/v2\/comments?post=17813"}],"version-history":[{"count":2,"href":"http:\/\/www.radiolibertadmundo.com\/web\/wp-json\/wp\/v2\/posts\/17813\/revisions"}],"predecessor-version":[{"id":17816,"href":"http:\/\/www.radiolibertadmundo.com\/web\/wp-json\/wp\/v2\/posts\/17813\/revisions\/17816"}],"wp:featuredmedia":[{"embeddable":true,"href":"http:\/\/www.radiolibertadmundo.com\/web\/wp-json\/wp\/v2\/media\/17814"}],"wp:attachment":[{"href":"http:\/\/www.radiolibertadmundo.com\/web\/wp-json\/wp\/v2\/media?parent=17813"}],"wp:term":[{"taxonomy":"category","embeddable":true,"href":"http:\/\/www.radiolibertadmundo.com\/web\/wp-json\/wp\/v2\/categories?post=17813"},{"taxonomy":"post_tag","embeddable":true,"href":"http:\/\/www.radiolibertadmundo.com\/web\/wp-json\/wp\/v2\/tags?post=17813"}],"curies":[{"name":"wp","href":"https:\/\/api.w.org\/{rel}","templated":true}]}}