{"id":17805,"date":"2018-10-12T16:32:44","date_gmt":"2018-10-12T16:32:44","guid":{"rendered":"http:\/\/www.radiolibertadmundo.com\/web\/?p=17805"},"modified":"2018-10-12T16:32:44","modified_gmt":"2018-10-12T16:32:44","slug":"reportan-danos-en-50-infraestructuras-educativas-tras-elecciones-en-la-libertad","status":"publish","type":"post","link":"http:\/\/www.radiolibertadmundo.com\/web\/reportan-danos-en-50-infraestructuras-educativas-tras-elecciones-en-la-libertad\/","title":{"rendered":"Reportan da\u00f1os en 50 infraestructuras educativas tras elecciones en La Libertad"},"content":{"rendered":"<p><a href=\"http:\/\/www.radiolibertadmundo.com\/web\/reportan-danos-en-50-infraestructuras-educativas-tras-elecciones-en-la-libertad\/reportan-danos-en-50-infraestructuras-educativas-t-847314-807782-jpg_265x148\/\" rel=\"attachment wp-att-17806\"><img loading=\"lazy\" decoding=\"async\" class=\"alignnone  wp-image-17806\" src=\"http:\/\/www.radiolibertadmundo.com\/web\/wp-content\/uploads\/reportan-danos-en-50-infraestructuras-educativas-t-847314-807782-jpg_265x148.jpg\" alt=\"\" width=\"596\" height=\"333\" \/><\/a><\/p>\n<p>Luego de los once conflictos registrados en la regi\u00f3n\u00a0La Libertad\u00a0tras las Elecciones Regionales y Municipales 2018, la Defensor\u00eda del Pueblo inform\u00f3 que un total de 50\u00a0instituciones educativas fueron afectadas tras los desmanes ocasionados por personas que quedaron disconformes con los resultados de los comicios electorales.<\/p>\n<p>El jefe de la Oficina Defensorial de\u00a0La Libertad, Jos\u00e9 Ag\u00fcero Lovat\u00f3n, precis\u00f3 que de los 50 colegios, 11\u00a0de ellos presentan graves da\u00f1os en su infraestructura, por lo que existe el riesgo de que cientos de estudiantes pierdan el a\u00f1o escolar debido a que no existe un presupuesto para reparar todo lo destruido.<\/p>\n<p>\u201cEst\u00e1n suspendidas las clases en algunas instituciones y los ni\u00f1os no tienen nada que ver con este proceso, la pregunta es c\u00f3mo vamos a solucionar estos inconvenientes si es que no hay un presupuesto adecuado. Hay peligro de que no puedan culminar el a\u00f1o escolar as\u00ed que se est\u00e1 haciendo todo lo posible para refaccionar estos espacios o con la ayuda de los padres poder solucionar estos problemas\u201d, remarc\u00f3.<\/p>\n<p>Hay que precisar que las instituciones educativas que presentan mayores da\u00f1os son aquellas en las que se registraron los conflictos m\u00e1s fuertes est\u00e1n en las ciudades de Huaranchal, Usquil, Guadalupito, Chilia, Salaverry, Mollepata, R\u00e1zuri, Pacanga, Sinsicap y Jequetepeque.<\/p>\n","protected":false},"excerpt":{"rendered":"<div class=\"mh-excerpt\"><p>Luego de los once conflictos registrados en la regi\u00f3n\u00a0La Libertad\u00a0tras las Elecciones Regionales y Municipales 2018, la Defensor\u00eda del Pueblo inform\u00f3 que un total de <a class=\"mh-excerpt-more\" href=\"http:\/\/www.radiolibertadmundo.com\/web\/reportan-danos-en-50-infraestructuras-educativas-tras-elecciones-en-la-libertad\/\" title=\"Reportan da\u00f1os en 50 infraestructuras educativas tras elecciones en La Libertad\">[&#8230;]<\/a><\/p>\n<\/div>","protected":false},"author":1,"featured_media":17806,"comment_status":"open","ping_status":"open","sticky":false,"template":"","format":"gallery","meta":{"footnotes":""},"categories":[3],"tags":[],"class_list":["post-17805","post","type-post","status-publish","format-gallery","has-post-thumbnail","hentry","category-noticias","post_format-post-format-gallery"],"_links":{"self":[{"href":"http:\/\/www.radiolibertadmundo.com\/web\/wp-json\/wp\/v2\/posts\/17805","targetHints":{"allow":["GET"]}}],"collection":[{"href":"http:\/\/www.radiolibertadmundo.com\/web\/wp-json\/wp\/v2\/posts"}],"about":[{"href":"http:\/\/www.radiolibertadmundo.com\/web\/wp-json\/wp\/v2\/types\/post"}],"author":[{"embeddable":true,"href":"http:\/\/www.radiolibertadmundo.com\/web\/wp-json\/wp\/v2\/users\/1"}],"replies":[{"embeddable":true,"href":"http:\/\/www.radiolibertadmundo.com\/web\/wp-json\/wp\/v2\/comments?post=17805"}],"version-history":[{"count":2,"href":"http:\/\/www.radiolibertadmundo.com\/web\/wp-json\/wp\/v2\/posts\/17805\/revisions"}],"predecessor-version":[{"id":17808,"href":"http:\/\/www.radiolibertadmundo.com\/web\/wp-json\/wp\/v2\/posts\/17805\/revisions\/17808"}],"wp:featuredmedia":[{"embeddable":true,"href":"http:\/\/www.radiolibertadmundo.com\/web\/wp-json\/wp\/v2\/media\/17806"}],"wp:attachment":[{"href":"http:\/\/www.radiolibertadmundo.com\/web\/wp-json\/wp\/v2\/media?parent=17805"}],"wp:term":[{"taxonomy":"category","embeddable":true,"href":"http:\/\/www.radiolibertadmundo.com\/web\/wp-json\/wp\/v2\/categories?post=17805"},{"taxonomy":"post_tag","embeddable":true,"href":"http:\/\/www.radiolibertadmundo.com\/web\/wp-json\/wp\/v2\/tags?post=17805"}],"curies":[{"name":"wp","href":"https:\/\/api.w.org\/{rel}","templated":true}]}}