{"id":17801,"date":"2018-10-12T16:30:46","date_gmt":"2018-10-12T16:30:46","guid":{"rendered":"http:\/\/www.radiolibertadmundo.com\/web\/?p=17801"},"modified":"2018-10-12T16:30:46","modified_gmt":"2018-10-12T16:30:46","slug":"apra-y-fp-buscan-sacar-no-reeleccion-y-bicameralidad-del-referendum","status":"publish","type":"post","link":"http:\/\/www.radiolibertadmundo.com\/web\/apra-y-fp-buscan-sacar-no-reeleccion-y-bicameralidad-del-referendum\/","title":{"rendered":"Apra y FP buscan sacar no reelecci\u00f3n y bicameralidad del refer\u00e9ndum"},"content":{"rendered":"<p><a href=\"http:\/\/www.radiolibertadmundo.com\/web\/apra-y-fp-buscan-sacar-no-reeleccion-y-bicameralidad-del-referendum\/parlamentarios-del-apra-y-fp-proponen-retirar-la-n-847319-051051-jpg_604x0\/\" rel=\"attachment wp-att-17802\"><img loading=\"lazy\" decoding=\"async\" class=\"alignnone size-full wp-image-17802\" src=\"http:\/\/www.radiolibertadmundo.com\/web\/wp-content\/uploads\/parlamentarios-del-apra-y-fp-proponen-retirar-la-n-847319-051051-jpg_604x0.jpg\" alt=\"\" width=\"604\" height=\"336\" srcset=\"http:\/\/www.radiolibertadmundo.com\/web\/wp-content\/uploads\/parlamentarios-del-apra-y-fp-proponen-retirar-la-n-847319-051051-jpg_604x0.jpg 604w, http:\/\/www.radiolibertadmundo.com\/web\/wp-content\/uploads\/parlamentarios-del-apra-y-fp-proponen-retirar-la-n-847319-051051-jpg_604x0-300x167.jpg 300w\" sizes=\"auto, (max-width: 604px) 100vw, 604px\" \/><\/a><\/p>\n<p>Congresistas de\u00a0Fuerza Popular\u00a0y del\u00a0Apra\u00a0presentaron este jueves un\u00a0proyecto de ley\u00a0que busca revocar que se lleve a refer\u00e9ndum dos de las reformas constitucionales presentadas por el Ejecutivo: la\u00a0bicameralidad y la\u00a0no reelecci\u00f3n de congresistas.\u00a0Sobre esta reforma constitucional, el primer art\u00edculo del proyecto de ley propone revocar dicho acuerdo que fue aprobado en primera votaci\u00f3n el pasado 4 de octubre.<\/p>\n<p><img loading=\"lazy\" decoding=\"async\" class=\"\" src=\"https:\/\/cdne.diariocorreo.pe\/redactor\/uploads\/2018\/10\/12\/Imagen%20NOQUAY_reclusos%20mayores-01_jTFeDlE.jpg\" width=\"578\" height=\"317\" \/><\/p>\n<p>El proyecto presenta la propuesta de revocar el acuerdo sobre la no reelecci\u00f3n de congresistas de la Rep\u00fablica. Junto a esto, tambi\u00e9n buscan modificar el decreto supremo que convoc\u00f3 a refer\u00e9ndum para el pr\u00f3ximo 9 de diciembre. El proyecto de ley ha sido suscrito por los congresistas\u00a0<strong>Mauricio Mulder, Mario Mantilla, El\u00edas Rodr\u00edguez, Javier Vel\u00e1squez Quesqu\u00e9n y Jorge del Castillo G\u00e1lvez.<\/strong><\/p>\n","protected":false},"excerpt":{"rendered":"<div class=\"mh-excerpt\"><p>Congresistas de\u00a0Fuerza Popular\u00a0y del\u00a0Apra\u00a0presentaron este jueves un\u00a0proyecto de ley\u00a0que busca revocar que se lleve a refer\u00e9ndum dos de las reformas constitucionales presentadas por el Ejecutivo: <a class=\"mh-excerpt-more\" href=\"http:\/\/www.radiolibertadmundo.com\/web\/apra-y-fp-buscan-sacar-no-reeleccion-y-bicameralidad-del-referendum\/\" title=\"Apra y FP buscan sacar no reelecci\u00f3n y bicameralidad del refer\u00e9ndum\">[&#8230;]<\/a><\/p>\n<\/div>","protected":false},"author":1,"featured_media":17802,"comment_status":"open","ping_status":"open","sticky":false,"template":"","format":"gallery","meta":{"footnotes":""},"categories":[3],"tags":[],"class_list":["post-17801","post","type-post","status-publish","format-gallery","has-post-thumbnail","hentry","category-noticias","post_format-post-format-gallery"],"_links":{"self":[{"href":"http:\/\/www.radiolibertadmundo.com\/web\/wp-json\/wp\/v2\/posts\/17801","targetHints":{"allow":["GET"]}}],"collection":[{"href":"http:\/\/www.radiolibertadmundo.com\/web\/wp-json\/wp\/v2\/posts"}],"about":[{"href":"http:\/\/www.radiolibertadmundo.com\/web\/wp-json\/wp\/v2\/types\/post"}],"author":[{"embeddable":true,"href":"http:\/\/www.radiolibertadmundo.com\/web\/wp-json\/wp\/v2\/users\/1"}],"replies":[{"embeddable":true,"href":"http:\/\/www.radiolibertadmundo.com\/web\/wp-json\/wp\/v2\/comments?post=17801"}],"version-history":[{"count":2,"href":"http:\/\/www.radiolibertadmundo.com\/web\/wp-json\/wp\/v2\/posts\/17801\/revisions"}],"predecessor-version":[{"id":17804,"href":"http:\/\/www.radiolibertadmundo.com\/web\/wp-json\/wp\/v2\/posts\/17801\/revisions\/17804"}],"wp:featuredmedia":[{"embeddable":true,"href":"http:\/\/www.radiolibertadmundo.com\/web\/wp-json\/wp\/v2\/media\/17802"}],"wp:attachment":[{"href":"http:\/\/www.radiolibertadmundo.com\/web\/wp-json\/wp\/v2\/media?parent=17801"}],"wp:term":[{"taxonomy":"category","embeddable":true,"href":"http:\/\/www.radiolibertadmundo.com\/web\/wp-json\/wp\/v2\/categories?post=17801"},{"taxonomy":"post_tag","embeddable":true,"href":"http:\/\/www.radiolibertadmundo.com\/web\/wp-json\/wp\/v2\/tags?post=17801"}],"curies":[{"name":"wp","href":"https:\/\/api.w.org\/{rel}","templated":true}]}}