{"id":17797,"date":"2018-10-12T16:27:03","date_gmt":"2018-10-12T16:27:03","guid":{"rendered":"http:\/\/www.radiolibertadmundo.com\/web\/?p=17797"},"modified":"2018-10-12T16:27:03","modified_gmt":"2018-10-12T16:27:03","slug":"keiko-fujimori-poder-judicial-admite-apelacion-contra-detencion-preliminar","status":"publish","type":"post","link":"http:\/\/www.radiolibertadmundo.com\/web\/keiko-fujimori-poder-judicial-admite-apelacion-contra-detencion-preliminar\/","title":{"rendered":"Keiko Fujimori: Poder Judicial admite apelaci\u00f3n contra detenci\u00f3n preliminar"},"content":{"rendered":"<p><a href=\"http:\/\/www.radiolibertadmundo.com\/web\/keiko-fujimori-poder-judicial-admite-apelacion-contra-detencion-preliminar\/5bbe9c8a7f0aa\/\" rel=\"attachment wp-att-17798\"><img loading=\"lazy\" decoding=\"async\" class=\"alignnone  wp-image-17798\" src=\"http:\/\/www.radiolibertadmundo.com\/web\/wp-content\/uploads\/5bbe9c8a7f0aa.jpeg\" alt=\"\" width=\"573\" height=\"329\" srcset=\"http:\/\/www.radiolibertadmundo.com\/web\/wp-content\/uploads\/5bbe9c8a7f0aa.jpeg 1214w, http:\/\/www.radiolibertadmundo.com\/web\/wp-content\/uploads\/5bbe9c8a7f0aa-300x172.jpeg 300w, http:\/\/www.radiolibertadmundo.com\/web\/wp-content\/uploads\/5bbe9c8a7f0aa-768x441.jpeg 768w, http:\/\/www.radiolibertadmundo.com\/web\/wp-content\/uploads\/5bbe9c8a7f0aa-1024x588.jpeg 1024w\" sizes=\"auto, (max-width: 573px) 100vw, 573px\" \/><\/a><\/p>\n<p>El Poder Judicial admiti\u00f3 a tr\u00e1mite este viernes el\u00a0recurso de apelaci\u00f3n\u00a0que la defensa legal de la\u00a0lideresa de\u00a0Fuerza Popular,\u00a0Keiko Fujimori, present\u00f3 ayer para\u00a0dejar sin efecto la orden de\u00a0detenci\u00f3n preliminar dispuesta por el juez\u00a0Richard Concepci\u00f3n Carhuancho\u00a0en el marco de la investigaci\u00f3n por el\u00a0&#8216;Caso C\u00f3cteles&#8217;. La apelaci\u00f3n fue aceptada por el mismo Carhuancho tras aceptar el pedido del\u00a0fiscal Jos\u00e9 Domingo P\u00e9rez de detener preliminarmente por\u00a010 d\u00edas a Fujimori Higuchi.<\/p>\n<p>Carhuancho, tras admitir el recurso de apelaci\u00f3n, determin\u00f3 que la\u00a0Sala Nacional de Apelaciones deber\u00e1 evaluarlo en los pr\u00f3ximos d\u00edas.\u00a0 Adem\u00e1s del recurso de Keiko Fujimori, Carhuancho admiti\u00f3 tambi\u00e9n los interpuestos por los\u00a0exministros fujimoristas Jaime Yoshiyama y Augusto Bedoya.\u00a0 Otros recursos admitidos fueron los cursados por\u00a0Adriana Tarazona, Marizol Vallese y Erick Giovanni Matto Monge, todos\u00a0con orden de detenci\u00f3n preliminar.<\/p>\n<p>Esta ma\u00f1ana, la lideresa de Fuerza Popular cumpli\u00f3\u00a0su segundo d\u00eda privada de su libertad en la Prefectura de Lima,\u00a0luego de que el mi\u00e9rcoles fuera detenida en la sede de la Fiscal\u00eda, al ser considerada como<strong>\u00a0cabecilla de una presunta organizaci\u00f3n criminal formada en el seno del partido fujimorista.<\/strong><\/p>\n","protected":false},"excerpt":{"rendered":"<div class=\"mh-excerpt\"><p>El Poder Judicial admiti\u00f3 a tr\u00e1mite este viernes el\u00a0recurso de apelaci\u00f3n\u00a0que la defensa legal de la\u00a0lideresa de\u00a0Fuerza Popular,\u00a0Keiko Fujimori, present\u00f3 ayer para\u00a0dejar sin efecto la <a class=\"mh-excerpt-more\" href=\"http:\/\/www.radiolibertadmundo.com\/web\/keiko-fujimori-poder-judicial-admite-apelacion-contra-detencion-preliminar\/\" title=\"Keiko Fujimori: Poder Judicial admite apelaci\u00f3n contra detenci\u00f3n preliminar\">[&#8230;]<\/a><\/p>\n<\/div>","protected":false},"author":1,"featured_media":17798,"comment_status":"open","ping_status":"open","sticky":false,"template":"","format":"gallery","meta":{"footnotes":""},"categories":[3],"tags":[],"class_list":["post-17797","post","type-post","status-publish","format-gallery","has-post-thumbnail","hentry","category-noticias","post_format-post-format-gallery"],"_links":{"self":[{"href":"http:\/\/www.radiolibertadmundo.com\/web\/wp-json\/wp\/v2\/posts\/17797","targetHints":{"allow":["GET"]}}],"collection":[{"href":"http:\/\/www.radiolibertadmundo.com\/web\/wp-json\/wp\/v2\/posts"}],"about":[{"href":"http:\/\/www.radiolibertadmundo.com\/web\/wp-json\/wp\/v2\/types\/post"}],"author":[{"embeddable":true,"href":"http:\/\/www.radiolibertadmundo.com\/web\/wp-json\/wp\/v2\/users\/1"}],"replies":[{"embeddable":true,"href":"http:\/\/www.radiolibertadmundo.com\/web\/wp-json\/wp\/v2\/comments?post=17797"}],"version-history":[{"count":2,"href":"http:\/\/www.radiolibertadmundo.com\/web\/wp-json\/wp\/v2\/posts\/17797\/revisions"}],"predecessor-version":[{"id":17800,"href":"http:\/\/www.radiolibertadmundo.com\/web\/wp-json\/wp\/v2\/posts\/17797\/revisions\/17800"}],"wp:featuredmedia":[{"embeddable":true,"href":"http:\/\/www.radiolibertadmundo.com\/web\/wp-json\/wp\/v2\/media\/17798"}],"wp:attachment":[{"href":"http:\/\/www.radiolibertadmundo.com\/web\/wp-json\/wp\/v2\/media?parent=17797"}],"wp:term":[{"taxonomy":"category","embeddable":true,"href":"http:\/\/www.radiolibertadmundo.com\/web\/wp-json\/wp\/v2\/categories?post=17797"},{"taxonomy":"post_tag","embeddable":true,"href":"http:\/\/www.radiolibertadmundo.com\/web\/wp-json\/wp\/v2\/tags?post=17797"}],"curies":[{"name":"wp","href":"https:\/\/api.w.org\/{rel}","templated":true}]}}