{"id":17793,"date":"2018-10-12T16:23:07","date_gmt":"2018-10-12T16:23:07","guid":{"rendered":"http:\/\/www.radiolibertadmundo.com\/web\/?p=17793"},"modified":"2018-10-12T16:23:07","modified_gmt":"2018-10-12T16:23:07","slug":"poder-judicial-ordena-abrir-investigacion-a-jose-chlimper-por-audios-editados","status":"publish","type":"post","link":"http:\/\/www.radiolibertadmundo.com\/web\/poder-judicial-ordena-abrir-investigacion-a-jose-chlimper-por-audios-editados\/","title":{"rendered":"Poder Judicial ordena abrir investigaci\u00f3n a Jos\u00e9 Chlimper por audios editados"},"content":{"rendered":"<p><a href=\"http:\/\/www.radiolibertadmundo.com\/web\/poder-judicial-ordena-abrir-investigacion-a-jose-chlimper-por-audios-editados\/poder-judicial-ordena-abrir-investigacion-a-jose-847374-771140-jpg_604x0\/\" rel=\"attachment wp-att-17794\"><img loading=\"lazy\" decoding=\"async\" class=\"alignnone size-full wp-image-17794\" src=\"http:\/\/www.radiolibertadmundo.com\/web\/wp-content\/uploads\/poder-judicial-ordena-abrir-investigacion-a-jose-847374-771140-jpg_604x0.jpg\" alt=\"\" width=\"604\" height=\"340\" srcset=\"http:\/\/www.radiolibertadmundo.com\/web\/wp-content\/uploads\/poder-judicial-ordena-abrir-investigacion-a-jose-847374-771140-jpg_604x0.jpg 604w, http:\/\/www.radiolibertadmundo.com\/web\/wp-content\/uploads\/poder-judicial-ordena-abrir-investigacion-a-jose-847374-771140-jpg_604x0-300x169.jpg 300w\" sizes=\"auto, (max-width: 604px) 100vw, 604px\" \/><\/a><\/p>\n<p>La Segunda Sala Penal Liquidadora orden\u00f3 iniciar investigaci\u00f3n contra el secretario general de Fuerza Popular,\u00a0Jos\u00e9 Chlimper, por el\u00a0presunto delito contra la fe p\u00fablica.\u00a0Chlimper\u00a0es se\u00f1alado como el\u00a0responsable de editar los audios en agravio de\u00a0Jes\u00fas V\u00e1squez, el piloto que denunci\u00f3 actos delictivos de\u00a0Joaqu\u00edn Ram\u00edrez. Este \u00faltimo, fue secretario del partido \u00abnaranja\u00bb, quien es investigado por el presunto delito de lavado de activos.\u00a0En mayo de 2017, el programa \u00abLas Cosas Como Son\u00bb de Panamericana Televisi\u00f3n,\u00a0present\u00f3 una grabaci\u00f3n que supuestamente pon\u00eda en tela de juicio la credibilidad de un reportaje que fue emitido ese mismo mes en el programa \u00abCuarto Poder\u00bb. Ello en alusi\u00f3n a Jes\u00fas Francisco V\u00e1squez, un expiloto que grab\u00f3 por encargado de la\u00a0DEA, al parlamentario\u00a0fujimorista\u00a0Joaqu\u00edn Ram\u00edrez.<\/p>\n<p>El audio fue entonces sometido a una prueba pericial y en encargado de hacerlo fue el perito Pedro Infante Zapata, experto en criminal\u00edstica en la especialidad de ac\u00fastica forense con 30 a\u00f1os de experiencia en la Polic\u00eda. El advirti\u00f3 que el audio hab\u00eda sido editado. La resoluci\u00f3n judicial N\u00b0 774 <strong>\u00a0<\/strong>revoca una resoluci\u00f3n emitida en una audiencia del 10 de mayo del 2017, la que declaraba que no se aperturara instrucci\u00f3n contra\u00a0Jos\u00e9 Chlimper Ackerman,\u00a0Pedro Enrique Arbul\u00fa Seminario(ex directivo de Panamericana)\u00a0y\u00a0David Ricardo Barturen \u00c1lvarez\u00a0(ex productor del programa \u201cLas Cosas Como Son\u201d),\u00a0como autores del delito contra la fe p\u00fablica, por usar un documento falso -manipular audios presentados en un usb- contra Jes\u00fas V\u00e1squez Ib\u00e1\u00f1ez.<\/p>\n<p>\u00ab<em>Reformul\u00e1ndola, dispusieron se abra instrucci\u00f3n contra Chlimper Ackerman, Pedro Arbul\u00fa y David Barturen, como coautores del delito contra la fe p\u00fablica\u00bb<\/em>, se puede leer en el documento.\u00a0\u201cEl que hace uso de un documento falso o falsificado, como si fuese leg\u00edtimo, siempre que de su uso pueda resultar alg\u00fan perjuicio, ser\u00e1 reprimido en su caso con las mismas penas\u201d, indica el texto.\u00a0 Con la revocatoria de la Sala Penal Liquidadora, se iniciar\u00e1 la investigaci\u00f3n a\u00a0<strong>Jos\u00e9 Chlimper\u00a0<\/strong>y los otros dos implicados a fin de saber la responsabilidad del secretario general de Fuerza Popular en el caso.<\/p>\n","protected":false},"excerpt":{"rendered":"<div class=\"mh-excerpt\"><p>La Segunda Sala Penal Liquidadora orden\u00f3 iniciar investigaci\u00f3n contra el secretario general de Fuerza Popular,\u00a0Jos\u00e9 Chlimper, por el\u00a0presunto delito contra la fe p\u00fablica.\u00a0Chlimper\u00a0es se\u00f1alado como <a class=\"mh-excerpt-more\" href=\"http:\/\/www.radiolibertadmundo.com\/web\/poder-judicial-ordena-abrir-investigacion-a-jose-chlimper-por-audios-editados\/\" title=\"Poder Judicial ordena abrir investigaci\u00f3n a Jos\u00e9 Chlimper por audios editados\">[&#8230;]<\/a><\/p>\n<\/div>","protected":false},"author":1,"featured_media":17794,"comment_status":"open","ping_status":"open","sticky":false,"template":"","format":"gallery","meta":{"footnotes":""},"categories":[3],"tags":[],"class_list":["post-17793","post","type-post","status-publish","format-gallery","has-post-thumbnail","hentry","category-noticias","post_format-post-format-gallery"],"_links":{"self":[{"href":"http:\/\/www.radiolibertadmundo.com\/web\/wp-json\/wp\/v2\/posts\/17793","targetHints":{"allow":["GET"]}}],"collection":[{"href":"http:\/\/www.radiolibertadmundo.com\/web\/wp-json\/wp\/v2\/posts"}],"about":[{"href":"http:\/\/www.radiolibertadmundo.com\/web\/wp-json\/wp\/v2\/types\/post"}],"author":[{"embeddable":true,"href":"http:\/\/www.radiolibertadmundo.com\/web\/wp-json\/wp\/v2\/users\/1"}],"replies":[{"embeddable":true,"href":"http:\/\/www.radiolibertadmundo.com\/web\/wp-json\/wp\/v2\/comments?post=17793"}],"version-history":[{"count":2,"href":"http:\/\/www.radiolibertadmundo.com\/web\/wp-json\/wp\/v2\/posts\/17793\/revisions"}],"predecessor-version":[{"id":17796,"href":"http:\/\/www.radiolibertadmundo.com\/web\/wp-json\/wp\/v2\/posts\/17793\/revisions\/17796"}],"wp:featuredmedia":[{"embeddable":true,"href":"http:\/\/www.radiolibertadmundo.com\/web\/wp-json\/wp\/v2\/media\/17794"}],"wp:attachment":[{"href":"http:\/\/www.radiolibertadmundo.com\/web\/wp-json\/wp\/v2\/media?parent=17793"}],"wp:term":[{"taxonomy":"category","embeddable":true,"href":"http:\/\/www.radiolibertadmundo.com\/web\/wp-json\/wp\/v2\/categories?post=17793"},{"taxonomy":"post_tag","embeddable":true,"href":"http:\/\/www.radiolibertadmundo.com\/web\/wp-json\/wp\/v2\/tags?post=17793"}],"curies":[{"name":"wp","href":"https:\/\/api.w.org\/{rel}","templated":true}]}}