{"id":17786,"date":"2018-10-11T16:47:54","date_gmt":"2018-10-11T16:47:54","guid":{"rendered":"http:\/\/www.radiolibertadmundo.com\/web\/?p=17786"},"modified":"2018-10-11T16:47:54","modified_gmt":"2018-10-11T16:47:54","slug":"abogado-asegura-que-jaime-yoshiyama-regresara-al-pais-y-apelara-resolucion","status":"publish","type":"post","link":"http:\/\/www.radiolibertadmundo.com\/web\/abogado-asegura-que-jaime-yoshiyama-regresara-al-pais-y-apelara-resolucion\/","title":{"rendered":"Abogado asegura que Jaime Yoshiyama regresar\u00e1 al pa\u00eds y apelar\u00e1 resoluci\u00f3n"},"content":{"rendered":"<p><a href=\"http:\/\/www.radiolibertadmundo.com\/web\/abogado-asegura-que-jaime-yoshiyama-regresara-al-pais-y-apelara-resolucion\/abogado-asegura-que-jaime-yoshiyama-regresara-al-847113-789123-jpg_604x0\/\" rel=\"attachment wp-att-17787\"><img loading=\"lazy\" decoding=\"async\" class=\"alignnone size-full wp-image-17787\" src=\"http:\/\/www.radiolibertadmundo.com\/web\/wp-content\/uploads\/abogado-asegura-que-jaime-yoshiyama-regresara-al-847113-789123-jpg_604x0.jpg\" alt=\"\" width=\"604\" height=\"368\" srcset=\"http:\/\/www.radiolibertadmundo.com\/web\/wp-content\/uploads\/abogado-asegura-que-jaime-yoshiyama-regresara-al-847113-789123-jpg_604x0.jpg 604w, http:\/\/www.radiolibertadmundo.com\/web\/wp-content\/uploads\/abogado-asegura-que-jaime-yoshiyama-regresara-al-847113-789123-jpg_604x0-300x183.jpg 300w, http:\/\/www.radiolibertadmundo.com\/web\/wp-content\/uploads\/abogado-asegura-que-jaime-yoshiyama-regresara-al-847113-789123-jpg_604x0-626x380.jpg 626w\" sizes=\"auto, (max-width: 604px) 100vw, 604px\" \/><\/a><\/p>\n<p>El exministro fujimorista\u00a0Jaime Yoshiyama\u00a0regresar\u00e1 al pa\u00eds y apelar\u00e1 a la resoluci\u00f3n judicial que\u00a0orden\u00f3 su detenci\u00f3n, en el marco de la investigaci\u00f3n que se le sigue por el\u00a0presunto delito de lavado de activos.As\u00ed lo manifest\u00f3 su abogado\u00a0Humberto Abanto, tras precisar que su patrocinado se encuentra en Estados Unidos desde el domingo 7 de octubre para someterse a una\u00a0operaci\u00f3n de la vista. \u201cApenas estemos seguros de que puede trasladarse, va a venir al Per\u00fa, de todas maneras.\u00a0Tendr\u00eda que volver apenas los m\u00e9dicos lo autoricen. \u00c9l ha sido operado ayer; no puedo sacarlo de la cama para satisfacci\u00f3n de la galer\u00eda\u201d, se\u00f1al\u00f3 Abanto.<\/p>\n<p>Calific\u00f3 de\u00a0arbitraria\u00a0la resoluci\u00f3n del\u00a0juez\u00a0Richard Concepci\u00f3n Carhuancho\u00a0que sindica a su patrocinado de ser\u00a0miembro de una organizaci\u00f3n criminal, presuntamente liderada por\u00a0Keiko Fujimori, que habr\u00eda recibido\u00a0dinero de Odebrecht\u00a0para favorecerlo cuando est\u00e9 en el poder con\u00a0contratos de obras p\u00fablicas. \u201cVamos a apelar y adem\u00e1s\u00a0iniciaremos un proceso civil contra el juez Richard Concepci\u00f3n por estas arbitrariedades\u201d, sostuvo el abogado.<\/p>\n<p>Por la ma\u00f1ana, agentes de\u00a0la Polic\u00eda\u00a0se dirigieron a la casa de Yoshiyama, ubicada en La Molina, luego de conocerse la orden de detenci\u00f3n, pero sin mayor \u00e9xito. Seg\u00fan las pesquisas,\u00a0Yoshiyama recibi\u00f3 un mill\u00f3n de d\u00f3lares de Odebrecht, junto con Augusto Bedoya\u00a0-otro exministro fujimorista y detenido por este caso-, para financiar la\u00a0campa\u00f1a presidencial de Keiko Fujimori en el 2011.<\/p>\n<p>Asimismo, Augusto Bedoya fue detenido por las autoridades policiales al ser sindicado tambi\u00e9n como presunto miembro de la organizaci\u00f3n criminal. Seg\u00fan la Fiscal\u00eda, Bedoya<strong>\u00a0habr\u00eda tenido conocimiento del origen il\u00edcito del dinero\u00a0<\/strong>otorgado por la constructora brasile\u00f1a. \u201cPor lo que Augusto Bedoya habr\u00eda usado la estructura, nombre y organizaci\u00f3n de Fuerza 2011 para el lavado de activos provenientes de la empresa Odebrecht en el contexto de las elecciones generales realizadas en el Per\u00fa entre los a\u00f1os 2010 y 2011\u201d, se lee en el documento suscrito por el fiscal Domingo P\u00e9rez.<\/p>\n","protected":false},"excerpt":{"rendered":"<div class=\"mh-excerpt\"><p>El exministro fujimorista\u00a0Jaime Yoshiyama\u00a0regresar\u00e1 al pa\u00eds y apelar\u00e1 a la resoluci\u00f3n judicial que\u00a0orden\u00f3 su detenci\u00f3n, en el marco de la investigaci\u00f3n que se le sigue <a class=\"mh-excerpt-more\" href=\"http:\/\/www.radiolibertadmundo.com\/web\/abogado-asegura-que-jaime-yoshiyama-regresara-al-pais-y-apelara-resolucion\/\" title=\"Abogado asegura que Jaime Yoshiyama regresar\u00e1 al pa\u00eds y apelar\u00e1 resoluci\u00f3n\">[&#8230;]<\/a><\/p>\n<\/div>","protected":false},"author":1,"featured_media":17787,"comment_status":"open","ping_status":"open","sticky":false,"template":"","format":"gallery","meta":{"footnotes":""},"categories":[3],"tags":[],"class_list":["post-17786","post","type-post","status-publish","format-gallery","has-post-thumbnail","hentry","category-noticias","post_format-post-format-gallery"],"_links":{"self":[{"href":"http:\/\/www.radiolibertadmundo.com\/web\/wp-json\/wp\/v2\/posts\/17786","targetHints":{"allow":["GET"]}}],"collection":[{"href":"http:\/\/www.radiolibertadmundo.com\/web\/wp-json\/wp\/v2\/posts"}],"about":[{"href":"http:\/\/www.radiolibertadmundo.com\/web\/wp-json\/wp\/v2\/types\/post"}],"author":[{"embeddable":true,"href":"http:\/\/www.radiolibertadmundo.com\/web\/wp-json\/wp\/v2\/users\/1"}],"replies":[{"embeddable":true,"href":"http:\/\/www.radiolibertadmundo.com\/web\/wp-json\/wp\/v2\/comments?post=17786"}],"version-history":[{"count":2,"href":"http:\/\/www.radiolibertadmundo.com\/web\/wp-json\/wp\/v2\/posts\/17786\/revisions"}],"predecessor-version":[{"id":17789,"href":"http:\/\/www.radiolibertadmundo.com\/web\/wp-json\/wp\/v2\/posts\/17786\/revisions\/17789"}],"wp:featuredmedia":[{"embeddable":true,"href":"http:\/\/www.radiolibertadmundo.com\/web\/wp-json\/wp\/v2\/media\/17787"}],"wp:attachment":[{"href":"http:\/\/www.radiolibertadmundo.com\/web\/wp-json\/wp\/v2\/media?parent=17786"}],"wp:term":[{"taxonomy":"category","embeddable":true,"href":"http:\/\/www.radiolibertadmundo.com\/web\/wp-json\/wp\/v2\/categories?post=17786"},{"taxonomy":"post_tag","embeddable":true,"href":"http:\/\/www.radiolibertadmundo.com\/web\/wp-json\/wp\/v2\/tags?post=17786"}],"curies":[{"name":"wp","href":"https:\/\/api.w.org\/{rel}","templated":true}]}}