{"id":17782,"date":"2018-10-11T16:43:15","date_gmt":"2018-10-11T16:43:15","guid":{"rendered":"http:\/\/www.radiolibertadmundo.com\/web\/?p=17782"},"modified":"2018-10-11T16:49:02","modified_gmt":"2018-10-11T16:49:02","slug":"keiko-fujimori-tras-detencion-saldremos-mas-fortalecidos-de-esta-injusticia","status":"publish","type":"post","link":"http:\/\/www.radiolibertadmundo.com\/web\/keiko-fujimori-tras-detencion-saldremos-mas-fortalecidos-de-esta-injusticia\/","title":{"rendered":"Keiko Fujimori tras detenci\u00f3n: \u00abSaldremos m\u00e1s fortalecidos de esta injusticia\u00bb"},"content":{"rendered":"<p><a href=\"http:\/\/www.radiolibertadmundo.com\/web\/keiko-fujimori-tras-detencion-saldremos-mas-fortalecidos-de-esta-injusticia\/5bbe979d706f9\/\" rel=\"attachment wp-att-17783\"><img loading=\"lazy\" decoding=\"async\" class=\"alignnone size-full wp-image-17783\" src=\"http:\/\/www.radiolibertadmundo.com\/web\/wp-content\/uploads\/5bbe979d706f9.jpeg\" alt=\"\" width=\"620\" height=\"356\" srcset=\"http:\/\/www.radiolibertadmundo.com\/web\/wp-content\/uploads\/5bbe979d706f9.jpeg 620w, http:\/\/www.radiolibertadmundo.com\/web\/wp-content\/uploads\/5bbe979d706f9-300x172.jpeg 300w\" sizes=\"auto, (max-width: 620px) 100vw, 620px\" \/><\/a><\/p>\n<p>La lideresa de\u00a0Fuerza Popular,\u00a0Keiko Fujimori,\u00a0se pronunci\u00f3 desde la sede de la\u00a0Divisi\u00f3n de Investigaci\u00f3n de delitos de Alta Complejidad (Diviac) de la Polic\u00eda y se\u00f1al\u00f3 que su detenci\u00f3n solo es un cap\u00edtulo m\u00e1s \u00abde persecuci\u00f3n\u00bb. \u00abEste ser\u00e1 solo un cap\u00edtulo m\u00e1s de persecuci\u00f3n, saldremos m\u00e1s fortalecidos de esta injusticia. Fuerza&#8230;mucha fuerza\u00bb, dice el \u00faltimo p\u00e1rrafo de la carta.<\/p>\n<p>Seg\u00fan\u00a0Keiko Fujimori, la detuvieron \u00absin fundamentos jur\u00eddicos\u00bb cuando se prest\u00f3 a declarar ante la Fiscal\u00eda por el caso &#8216;c\u00f3cteles&#8217;. En la carta que redact\u00f3, denunci\u00f3 un perseguimiento pol\u00edtico contra su persona\u00a0y los fujimoristas.<\/p>\n<p>Adem\u00e1s, la lideresa de\u00a0<strong>Fuerza Popular<\/strong>\u00a0record\u00f3 la anulaci\u00f3n del indulto de su padre Alberto Fujimori, quien tiene una orden de captura por el Poder Judicial, tras declarar infundada la gracia presidencial que fue otorgada por Pedro Pablo Kuczynski.<\/p>\n<p><a href=\"http:\/\/www.radiolibertadmundo.com\/web\/keiko-fujimori-tras-detencion-saldremos-mas-fortalecidos-de-esta-injusticia\/tuir\/\" rel=\"attachment wp-att-17791\"><img loading=\"lazy\" decoding=\"async\" class=\"alignnone  wp-image-17791\" src=\"http:\/\/www.radiolibertadmundo.com\/web\/wp-content\/uploads\/tuir.jpg\" alt=\"\" width=\"411\" height=\"555\" srcset=\"http:\/\/www.radiolibertadmundo.com\/web\/wp-content\/uploads\/tuir.jpg 615w, http:\/\/www.radiolibertadmundo.com\/web\/wp-content\/uploads\/tuir-222x300.jpg 222w\" sizes=\"auto, (max-width: 411px) 100vw, 411px\" \/><\/a><\/p>\n","protected":false},"excerpt":{"rendered":"<div class=\"mh-excerpt\"><p>La lideresa de\u00a0Fuerza Popular,\u00a0Keiko Fujimori,\u00a0se pronunci\u00f3 desde la sede de la\u00a0Divisi\u00f3n de Investigaci\u00f3n de delitos de Alta Complejidad (Diviac) de la Polic\u00eda y se\u00f1al\u00f3 que <a class=\"mh-excerpt-more\" href=\"http:\/\/www.radiolibertadmundo.com\/web\/keiko-fujimori-tras-detencion-saldremos-mas-fortalecidos-de-esta-injusticia\/\" title=\"Keiko Fujimori tras detenci\u00f3n: \u00abSaldremos m\u00e1s fortalecidos de esta injusticia\u00bb\">[&#8230;]<\/a><\/p>\n<\/div>","protected":false},"author":1,"featured_media":17783,"comment_status":"open","ping_status":"open","sticky":false,"template":"","format":"gallery","meta":{"footnotes":""},"categories":[3],"tags":[],"class_list":["post-17782","post","type-post","status-publish","format-gallery","has-post-thumbnail","hentry","category-noticias","post_format-post-format-gallery"],"_links":{"self":[{"href":"http:\/\/www.radiolibertadmundo.com\/web\/wp-json\/wp\/v2\/posts\/17782","targetHints":{"allow":["GET"]}}],"collection":[{"href":"http:\/\/www.radiolibertadmundo.com\/web\/wp-json\/wp\/v2\/posts"}],"about":[{"href":"http:\/\/www.radiolibertadmundo.com\/web\/wp-json\/wp\/v2\/types\/post"}],"author":[{"embeddable":true,"href":"http:\/\/www.radiolibertadmundo.com\/web\/wp-json\/wp\/v2\/users\/1"}],"replies":[{"embeddable":true,"href":"http:\/\/www.radiolibertadmundo.com\/web\/wp-json\/wp\/v2\/comments?post=17782"}],"version-history":[{"count":3,"href":"http:\/\/www.radiolibertadmundo.com\/web\/wp-json\/wp\/v2\/posts\/17782\/revisions"}],"predecessor-version":[{"id":17792,"href":"http:\/\/www.radiolibertadmundo.com\/web\/wp-json\/wp\/v2\/posts\/17782\/revisions\/17792"}],"wp:featuredmedia":[{"embeddable":true,"href":"http:\/\/www.radiolibertadmundo.com\/web\/wp-json\/wp\/v2\/media\/17783"}],"wp:attachment":[{"href":"http:\/\/www.radiolibertadmundo.com\/web\/wp-json\/wp\/v2\/media?parent=17782"}],"wp:term":[{"taxonomy":"category","embeddable":true,"href":"http:\/\/www.radiolibertadmundo.com\/web\/wp-json\/wp\/v2\/categories?post=17782"},{"taxonomy":"post_tag","embeddable":true,"href":"http:\/\/www.radiolibertadmundo.com\/web\/wp-json\/wp\/v2\/tags?post=17782"}],"curies":[{"name":"wp","href":"https:\/\/api.w.org\/{rel}","templated":true}]}}