{"id":17778,"date":"2018-10-11T16:41:08","date_gmt":"2018-10-11T16:41:08","guid":{"rendered":"http:\/\/www.radiolibertadmundo.com\/web\/?p=17778"},"modified":"2018-10-11T16:41:08","modified_gmt":"2018-10-11T16:41:08","slug":"juan-sheput-tras-blindaje-a-chavarry-el-peru-sufrira-las-consecuencias","status":"publish","type":"post","link":"http:\/\/www.radiolibertadmundo.com\/web\/juan-sheput-tras-blindaje-a-chavarry-el-peru-sufrira-las-consecuencias\/","title":{"rendered":"Juan Sheput tras blindaje a Ch\u00e1varry: \u00abEl Per\u00fa sufrir\u00e1 las consecuencias\u00bb"},"content":{"rendered":"<p><a href=\"http:\/\/www.radiolibertadmundo.com\/web\/juan-sheput-tras-blindaje-a-chavarry-el-peru-sufrira-las-consecuencias\/5bacfea692c2d-r_1538064076006-0-185-2000-1333\/\" rel=\"attachment wp-att-17779\"><img loading=\"lazy\" decoding=\"async\" class=\"alignnone size-full wp-image-17779\" src=\"http:\/\/www.radiolibertadmundo.com\/web\/wp-content\/uploads\/5bacfea692c2d.r_1538064076006.0-185-2000-1333.jpeg\" alt=\"\" width=\"620\" height=\"356\" srcset=\"http:\/\/www.radiolibertadmundo.com\/web\/wp-content\/uploads\/5bacfea692c2d.r_1538064076006.0-185-2000-1333.jpeg 620w, http:\/\/www.radiolibertadmundo.com\/web\/wp-content\/uploads\/5bacfea692c2d.r_1538064076006.0-185-2000-1333-300x172.jpeg 300w\" sizes=\"auto, (max-width: 620px) 100vw, 620px\" \/><\/a><\/p>\n<p>Luego que la Subcomisi\u00f3n de Acusaciones Constitucionales\u00a0del Congreso\u00a0desestim\u00f3,\u00a0la noche del \u00faltimo mi\u00e9rcoles, el informe sobre las\u00a0denuncias constitucionales contra el fiscal de la Naci\u00f3n,\u00a0Pedro Ch\u00e1varry, que recomendaba su inhabilitaci\u00f3n y destituci\u00f3n al cargo; el parlamentario de Peruanos por el Kambio,\u00a0Juan Sheput\u00a0cuestion\u00f3 a sus colegas de Fuerza Popular del Apra. Ello, debido a que los votos, principalmente, de los fujimoristas en la Subcomisi\u00f3n, fueron claves para el rechazo del informe constitucional.<\/p>\n<p>Juan Sheput\u00a0-quien elabor\u00f3 el documento que recomendaba la suspensi\u00f3n e inhabilitaci\u00f3n de la funci\u00f3n p\u00fablica a Ch\u00e1varry por 10 a\u00f1os- calific\u00f3 de vergonzosa,la votaci\u00f3n de los parlamentarios de Fuerza Popular y del Apra\u00a0en la\u00a0Subcomisi\u00f3n de Acusaciones Constitucionales.\u00a0<em>\u00abUn voto vergonzoso, por consigna, ignorando clar\u00edsimas pruebas de infracci\u00f3n constitucional por parte del Apra y el fujimorismo con la conveniente ausencia de dos congresistas contribuyeron al blindaje del fiscal Pedro Ch\u00e1varry. El pa\u00eds sufrir\u00e1 las consecuencias\u00bb,<\/em>\u00a0escribi\u00f3 Sheput\u00a0en su cuenta de\u00a0Twitter.<\/p>\n<p><img decoding=\"async\" src=\"https:\/\/cdne.diariocorreo.pe\/redactor\/uploads\/2018\/10\/11\/tuit%20sheput.png\" alt=\"\" \/><\/p>\n<p>Como se recuerda,<strong>\u00a0<\/strong>Ch\u00e1varry fue denunciado por haber presentado distintas versiones sobre los di\u00e1logos\u00a0con el destituido juez supremo\u00a0C\u00e9sar Hinostroza\u00a0en el caso de los audios del Consejo Nacional de la\u00a0Magistratura. Adem\u00e1s, por sus explicaciones sobre una reuni\u00f3n con periodistas en la casa del empresario\u00a0Antonio Camayo\u00a0con respecto al caso\u00a0de Los cuellos blancos del puerto.<\/p>\n<p>Desde las instalaciones del Parlamento,\u00a0<strong>Juan Sheput\u00a0<\/strong>neg\u00f3 que exista un argumento -desde el punto de vista constitucional-\u00a0para descalificar su informe, como se\u00f1alaron los fujimoristas.\u00a0<em>\u00abLos congresistas de la Subcomisi\u00f3n\u00a0de Acusaciones Constitucionales\u00a0<\/em><em>que se oponen al informe dicen que el presidente (Mart\u00edn) Vizarra quiere tomar el Congreso, que quiere tomar el control del Ministerio P\u00fablico, que quieren un fiscal a la medida, pero, ni un solo argumento de \u00edndole constitucional. Lo voy a mencionar, hay infracci\u00f3n del art\u00edculo tercero y 39, s\u00ed porque ellos garantizan la lucha contra la corrupci\u00f3n, y el se\u00f1or (Pedro) Ch\u00e1varry est\u00e1 vinculado al se\u00f1or (C\u00e9sar) Hinostroza, (Antonio)\u00a0Camayo y Guido Aguila quienes han sido defenestrados por este Congreso por ser parte de una organizaci\u00f3n criminal\u00bb,<\/em>sostuvo el legislador ante la prensa.<\/p>\n<p>&nbsp;<\/p>\n","protected":false},"excerpt":{"rendered":"<div class=\"mh-excerpt\"><p>Luego que la Subcomisi\u00f3n de Acusaciones Constitucionales\u00a0del Congreso\u00a0desestim\u00f3,\u00a0la noche del \u00faltimo mi\u00e9rcoles, el informe sobre las\u00a0denuncias constitucionales contra el fiscal de la Naci\u00f3n,\u00a0Pedro Ch\u00e1varry, que <a class=\"mh-excerpt-more\" href=\"http:\/\/www.radiolibertadmundo.com\/web\/juan-sheput-tras-blindaje-a-chavarry-el-peru-sufrira-las-consecuencias\/\" title=\"Juan Sheput tras blindaje a Ch\u00e1varry: \u00abEl Per\u00fa sufrir\u00e1 las consecuencias\u00bb\">[&#8230;]<\/a><\/p>\n<\/div>","protected":false},"author":1,"featured_media":17779,"comment_status":"open","ping_status":"open","sticky":false,"template":"","format":"gallery","meta":{"footnotes":""},"categories":[3],"tags":[],"class_list":["post-17778","post","type-post","status-publish","format-gallery","has-post-thumbnail","hentry","category-noticias","post_format-post-format-gallery"],"_links":{"self":[{"href":"http:\/\/www.radiolibertadmundo.com\/web\/wp-json\/wp\/v2\/posts\/17778","targetHints":{"allow":["GET"]}}],"collection":[{"href":"http:\/\/www.radiolibertadmundo.com\/web\/wp-json\/wp\/v2\/posts"}],"about":[{"href":"http:\/\/www.radiolibertadmundo.com\/web\/wp-json\/wp\/v2\/types\/post"}],"author":[{"embeddable":true,"href":"http:\/\/www.radiolibertadmundo.com\/web\/wp-json\/wp\/v2\/users\/1"}],"replies":[{"embeddable":true,"href":"http:\/\/www.radiolibertadmundo.com\/web\/wp-json\/wp\/v2\/comments?post=17778"}],"version-history":[{"count":2,"href":"http:\/\/www.radiolibertadmundo.com\/web\/wp-json\/wp\/v2\/posts\/17778\/revisions"}],"predecessor-version":[{"id":17781,"href":"http:\/\/www.radiolibertadmundo.com\/web\/wp-json\/wp\/v2\/posts\/17778\/revisions\/17781"}],"wp:featuredmedia":[{"embeddable":true,"href":"http:\/\/www.radiolibertadmundo.com\/web\/wp-json\/wp\/v2\/media\/17779"}],"wp:attachment":[{"href":"http:\/\/www.radiolibertadmundo.com\/web\/wp-json\/wp\/v2\/media?parent=17778"}],"wp:term":[{"taxonomy":"category","embeddable":true,"href":"http:\/\/www.radiolibertadmundo.com\/web\/wp-json\/wp\/v2\/categories?post=17778"},{"taxonomy":"post_tag","embeddable":true,"href":"http:\/\/www.radiolibertadmundo.com\/web\/wp-json\/wp\/v2\/tags?post=17778"}],"curies":[{"name":"wp","href":"https:\/\/api.w.org\/{rel}","templated":true}]}}