{"id":17774,"date":"2018-10-11T16:35:23","date_gmt":"2018-10-11T16:35:23","guid":{"rendered":"http:\/\/www.radiolibertadmundo.com\/web\/?p=17774"},"modified":"2018-10-11T16:35:23","modified_gmt":"2018-10-11T16:35:23","slug":"fiscal-de-caso-lava-jato-respalda-detencion-preliminar-contra-keiko-fujimori","status":"publish","type":"post","link":"http:\/\/www.radiolibertadmundo.com\/web\/fiscal-de-caso-lava-jato-respalda-detencion-preliminar-contra-keiko-fujimori\/","title":{"rendered":"Fiscal de caso Lava Jato respalda detenci\u00f3n preliminar contra Keiko Fujimori"},"content":{"rendered":"<p><a href=\"http:\/\/www.radiolibertadmundo.com\/web\/fiscal-de-caso-lava-jato-respalda-detencion-preliminar-contra-keiko-fujimori\/5bbf594328664\/\" rel=\"attachment wp-att-17775\"><img loading=\"lazy\" decoding=\"async\" class=\"alignnone  wp-image-17775\" src=\"http:\/\/www.radiolibertadmundo.com\/web\/wp-content\/uploads\/5bbf594328664.jpeg\" alt=\"\" width=\"602\" height=\"346\" srcset=\"http:\/\/www.radiolibertadmundo.com\/web\/wp-content\/uploads\/5bbf594328664.jpeg 1214w, http:\/\/www.radiolibertadmundo.com\/web\/wp-content\/uploads\/5bbf594328664-300x172.jpeg 300w, http:\/\/www.radiolibertadmundo.com\/web\/wp-content\/uploads\/5bbf594328664-768x441.jpeg 768w, http:\/\/www.radiolibertadmundo.com\/web\/wp-content\/uploads\/5bbf594328664-1024x588.jpeg 1024w\" sizes=\"auto, (max-width: 602px) 100vw, 602px\" \/><\/a><\/p>\n<p>El coordinador del equipo especial del Ministerio P\u00fablico a cargo del\u00a0caso Lava Jato, el fiscal superior\u00a0Rafael Vela,\u00a0calific\u00f3 de prolija la investigaci\u00f3n del juez\u00a0Jos\u00e9 Domingo P\u00e9rez\u00a0que vincula a\u00a0Keiko Fujimori como la l\u00edder de una organizaci\u00f3n criminal que habr\u00eda recibido aportes de la empresa\u00a0Odebrecht para su campa\u00f1a electoral.<\/p>\n<p><em>\u00abEs una investigaci\u00f3n prolija del fiscal Jos\u00e9 Domingo P\u00e9rez y su equipo. En realidad, convergen una serie de metodolog\u00edas que pasan, no solo por la planificaci\u00f3n estrat\u00e9gica de llevar una investigaci\u00f3n dentro del pa\u00eds, sino por la activaci\u00f3n de mecanismos de cooperaci\u00f3n internacional. Son parte de la solidaridad de la administraci\u00f3n de justicia de Per\u00fa y Brasil que se est\u00e1 planteando una investigaci\u00f3n conjunta, donde han materializado una serie de testimonios que son \u00fatiles para la investigaci\u00f3n\u00bb,\u00a0<\/em>asegur\u00f3 Vela.<\/p>\n<p>En otro momento,Rafael Vela\u00a0garantiz\u00f3 que el\u00a0<strong>Ministerio P\u00fablico\u00a0<\/strong>est\u00e1 respetando los derechos de la lideresa de Fuerza Popular y los otros 19 implicados en el denominado caso &#8216;c\u00f3cteles&#8217;.\u00a0<em>\u00abSe est\u00e1 respetando estricta y escrupulosamente todos los derechos de los investigados\u00bb,<\/em>\u00a0remarc\u00f3.<\/p>\n","protected":false},"excerpt":{"rendered":"<div class=\"mh-excerpt\"><p>El coordinador del equipo especial del Ministerio P\u00fablico a cargo del\u00a0caso Lava Jato, el fiscal superior\u00a0Rafael Vela,\u00a0calific\u00f3 de prolija la investigaci\u00f3n del juez\u00a0Jos\u00e9 Domingo P\u00e9rez\u00a0que <a class=\"mh-excerpt-more\" href=\"http:\/\/www.radiolibertadmundo.com\/web\/fiscal-de-caso-lava-jato-respalda-detencion-preliminar-contra-keiko-fujimori\/\" title=\"Fiscal de caso Lava Jato respalda detenci\u00f3n preliminar contra Keiko Fujimori\">[&#8230;]<\/a><\/p>\n<\/div>","protected":false},"author":1,"featured_media":17775,"comment_status":"open","ping_status":"open","sticky":false,"template":"","format":"gallery","meta":{"footnotes":""},"categories":[3],"tags":[],"class_list":["post-17774","post","type-post","status-publish","format-gallery","has-post-thumbnail","hentry","category-noticias","post_format-post-format-gallery"],"_links":{"self":[{"href":"http:\/\/www.radiolibertadmundo.com\/web\/wp-json\/wp\/v2\/posts\/17774","targetHints":{"allow":["GET"]}}],"collection":[{"href":"http:\/\/www.radiolibertadmundo.com\/web\/wp-json\/wp\/v2\/posts"}],"about":[{"href":"http:\/\/www.radiolibertadmundo.com\/web\/wp-json\/wp\/v2\/types\/post"}],"author":[{"embeddable":true,"href":"http:\/\/www.radiolibertadmundo.com\/web\/wp-json\/wp\/v2\/users\/1"}],"replies":[{"embeddable":true,"href":"http:\/\/www.radiolibertadmundo.com\/web\/wp-json\/wp\/v2\/comments?post=17774"}],"version-history":[{"count":2,"href":"http:\/\/www.radiolibertadmundo.com\/web\/wp-json\/wp\/v2\/posts\/17774\/revisions"}],"predecessor-version":[{"id":17777,"href":"http:\/\/www.radiolibertadmundo.com\/web\/wp-json\/wp\/v2\/posts\/17774\/revisions\/17777"}],"wp:featuredmedia":[{"embeddable":true,"href":"http:\/\/www.radiolibertadmundo.com\/web\/wp-json\/wp\/v2\/media\/17775"}],"wp:attachment":[{"href":"http:\/\/www.radiolibertadmundo.com\/web\/wp-json\/wp\/v2\/media?parent=17774"}],"wp:term":[{"taxonomy":"category","embeddable":true,"href":"http:\/\/www.radiolibertadmundo.com\/web\/wp-json\/wp\/v2\/categories?post=17774"},{"taxonomy":"post_tag","embeddable":true,"href":"http:\/\/www.radiolibertadmundo.com\/web\/wp-json\/wp\/v2\/tags?post=17774"}],"curies":[{"name":"wp","href":"https:\/\/api.w.org\/{rel}","templated":true}]}}