{"id":17762,"date":"2018-10-11T16:22:06","date_gmt":"2018-10-11T16:22:06","guid":{"rendered":"http:\/\/www.radiolibertadmundo.com\/web\/?p=17762"},"modified":"2018-10-11T16:22:07","modified_gmt":"2018-10-11T16:22:07","slug":"defensoria-del-pueblo-realizara-audiencias-para-abordar-violencia-contra-la-mujer","status":"publish","type":"post","link":"http:\/\/www.radiolibertadmundo.com\/web\/defensoria-del-pueblo-realizara-audiencias-para-abordar-violencia-contra-la-mujer\/","title":{"rendered":"Defensor\u00eda del Pueblo realizar\u00e1 audiencias para abordar violencia contra la mujer"},"content":{"rendered":"<p><a href=\"http:\/\/www.radiolibertadmundo.com\/web\/defensoria-del-pueblo-realizara-audiencias-para-abordar-violencia-contra-la-mujer\/defensoria-del-pueblo-realizara-audiencias-par-847064-305122-jpg_604x0\/\" rel=\"attachment wp-att-17763\"><img loading=\"lazy\" decoding=\"async\" class=\"alignnone size-full wp-image-17763\" src=\"http:\/\/www.radiolibertadmundo.com\/web\/wp-content\/uploads\/defensoria-del-pueblo-realizara-audiencias-par-847064-305122-jpg_604x0.jpg\" alt=\"\" width=\"604\" height=\"403\" srcset=\"http:\/\/www.radiolibertadmundo.com\/web\/wp-content\/uploads\/defensoria-del-pueblo-realizara-audiencias-par-847064-305122-jpg_604x0.jpg 604w, http:\/\/www.radiolibertadmundo.com\/web\/wp-content\/uploads\/defensoria-del-pueblo-realizara-audiencias-par-847064-305122-jpg_604x0-300x200.jpg 300w\" sizes=\"auto, (max-width: 604px) 100vw, 604px\" \/><\/a><\/p>\n<p>La Defensor\u00eda del Pueblo convoca a la ciudadan\u00eda a participar en las audiencias defensoriales descentralizadas que se desarrollar\u00e1 el pr\u00f3ximo 16 de octubre en\u00a0La Libertad. El objetivo es\u00a0recoger los aportes y demandas de la poblaci\u00f3n frente al grave problema de la violencia hacia las mujeres y menores de edad que aqueja al pa\u00eds,<\/p>\n<p>La primera audiencia defensorial descentralizada se desarrollar\u00e1 este\u00a016 de octubre en el centro de convenciones Los Conquistadores de Trujillo, desde las 3:00 hasta las 6:00 de la tarde, en la que\u00a0la ciudadan\u00eda se convertir\u00e1 en actor principal para proponer soluciones y exponer sus demandas frente al grave flagelo de la violencia hacia mujeres y ni\u00f1as en la regi\u00f3n, las mismas que ser\u00e1n escuchadas por las principales autoridades de la regi\u00f3n y el pa\u00eds que participar\u00e1n en el evento.<\/p>\n<p>Para participar, los ciudadanos y ciudadanas podr\u00e1n inscribirse a trav\u00e9s del enlace\u00a0www.defensoria.gob.pe\/audiencias\u00a0o presencialmente en las oficinas de la Oficina Defensorial La Libertad ubicada en calle Los Fresnos 455 \u2013 Urb. California y v\u00eda telef\u00f3nica a los tel\u00e9fonos 044-284783- 044-285283.<\/p>\n","protected":false},"excerpt":{"rendered":"<div class=\"mh-excerpt\"><p>La Defensor\u00eda del Pueblo convoca a la ciudadan\u00eda a participar en las audiencias defensoriales descentralizadas que se desarrollar\u00e1 el pr\u00f3ximo 16 de octubre en\u00a0La Libertad. <a class=\"mh-excerpt-more\" href=\"http:\/\/www.radiolibertadmundo.com\/web\/defensoria-del-pueblo-realizara-audiencias-para-abordar-violencia-contra-la-mujer\/\" title=\"Defensor\u00eda del Pueblo realizar\u00e1 audiencias para abordar violencia contra la mujer\">[&#8230;]<\/a><\/p>\n<\/div>","protected":false},"author":1,"featured_media":17763,"comment_status":"open","ping_status":"open","sticky":false,"template":"","format":"gallery","meta":{"footnotes":""},"categories":[3],"tags":[],"class_list":["post-17762","post","type-post","status-publish","format-gallery","has-post-thumbnail","hentry","category-noticias","post_format-post-format-gallery"],"_links":{"self":[{"href":"http:\/\/www.radiolibertadmundo.com\/web\/wp-json\/wp\/v2\/posts\/17762","targetHints":{"allow":["GET"]}}],"collection":[{"href":"http:\/\/www.radiolibertadmundo.com\/web\/wp-json\/wp\/v2\/posts"}],"about":[{"href":"http:\/\/www.radiolibertadmundo.com\/web\/wp-json\/wp\/v2\/types\/post"}],"author":[{"embeddable":true,"href":"http:\/\/www.radiolibertadmundo.com\/web\/wp-json\/wp\/v2\/users\/1"}],"replies":[{"embeddable":true,"href":"http:\/\/www.radiolibertadmundo.com\/web\/wp-json\/wp\/v2\/comments?post=17762"}],"version-history":[{"count":2,"href":"http:\/\/www.radiolibertadmundo.com\/web\/wp-json\/wp\/v2\/posts\/17762\/revisions"}],"predecessor-version":[{"id":17765,"href":"http:\/\/www.radiolibertadmundo.com\/web\/wp-json\/wp\/v2\/posts\/17762\/revisions\/17765"}],"wp:featuredmedia":[{"embeddable":true,"href":"http:\/\/www.radiolibertadmundo.com\/web\/wp-json\/wp\/v2\/media\/17763"}],"wp:attachment":[{"href":"http:\/\/www.radiolibertadmundo.com\/web\/wp-json\/wp\/v2\/media?parent=17762"}],"wp:term":[{"taxonomy":"category","embeddable":true,"href":"http:\/\/www.radiolibertadmundo.com\/web\/wp-json\/wp\/v2\/categories?post=17762"},{"taxonomy":"post_tag","embeddable":true,"href":"http:\/\/www.radiolibertadmundo.com\/web\/wp-json\/wp\/v2\/tags?post=17762"}],"curies":[{"name":"wp","href":"https:\/\/api.w.org\/{rel}","templated":true}]}}