{"id":17758,"date":"2018-10-10T16:21:05","date_gmt":"2018-10-10T16:21:05","guid":{"rendered":"http:\/\/www.radiolibertadmundo.com\/web\/?p=17758"},"modified":"2018-10-10T16:21:05","modified_gmt":"2018-10-10T16:21:05","slug":"sujeto-quema-las-manos-de-su-hijastro-de-7-anos-por-coger-dos-soles","status":"publish","type":"post","link":"http:\/\/www.radiolibertadmundo.com\/web\/sujeto-quema-las-manos-de-su-hijastro-de-7-anos-por-coger-dos-soles\/","title":{"rendered":"Sujeto quema las manos de su hijastro de 7 a\u00f1os por coger dos soles"},"content":{"rendered":"<p><a href=\"http:\/\/www.radiolibertadmundo.com\/web\/sujeto-quema-las-manos-de-su-hijastro-de-7-anos-por-coger-dos-soles\/sujeto-quemo-las-manos-de-su-hijastro-de-7-anos-tr-846891-948610-jpg_167x93\/\" rel=\"attachment wp-att-17759\"><img loading=\"lazy\" decoding=\"async\" class=\"alignnone  wp-image-17759\" src=\"http:\/\/www.radiolibertadmundo.com\/web\/wp-content\/uploads\/sujeto-quemo-las-manos-de-su-hijastro-de-7-anos-tr-846891-948610-jpg_167x93.jpg\" alt=\"\" width=\"551\" height=\"307\" \/><\/a><\/p>\n<p>Un sujeto ha sido acusado de quemar las manos de su hijastro de apenas siete a\u00f1os luego de que este habr\u00eda cogido S\/. 2 soles. El hecho ocurri\u00f3 en\u00a0Villa El Salvador. Los hechos ocurrieron el \u00faltimo s\u00e1bado y fueron los vecinos quienes denunciaron el indignante caso tras ver las heridas y lesiones en las manos del menor, pues este tendr\u00eda quemaduras de segundo grado.<\/p>\n<p>El peque\u00f1o habr\u00eda sido violentado por su padrastro identificado como<strong>\u00a0Pedro Amasifen Yaicate (31)<\/strong>\u00a0luego de haber tomado un &#8216;sencillo&#8217; que habr\u00eda cogido de la mesa de noche; la madre no denunci\u00f3 a su pareja. La mujer es madre de seis ni\u00f1os. El menor de estos tiene siete meses. Todos los menores fueron llevados a la dependencia policial.<\/p>\n","protected":false},"excerpt":{"rendered":"<div class=\"mh-excerpt\"><p>Un sujeto ha sido acusado de quemar las manos de su hijastro de apenas siete a\u00f1os luego de que este habr\u00eda cogido S\/. 2 soles. <a class=\"mh-excerpt-more\" href=\"http:\/\/www.radiolibertadmundo.com\/web\/sujeto-quema-las-manos-de-su-hijastro-de-7-anos-por-coger-dos-soles\/\" title=\"Sujeto quema las manos de su hijastro de 7 a\u00f1os por coger dos soles\">[&#8230;]<\/a><\/p>\n<\/div>","protected":false},"author":1,"featured_media":17759,"comment_status":"open","ping_status":"open","sticky":false,"template":"","format":"gallery","meta":{"footnotes":""},"categories":[3],"tags":[],"class_list":["post-17758","post","type-post","status-publish","format-gallery","has-post-thumbnail","hentry","category-noticias","post_format-post-format-gallery"],"_links":{"self":[{"href":"http:\/\/www.radiolibertadmundo.com\/web\/wp-json\/wp\/v2\/posts\/17758","targetHints":{"allow":["GET"]}}],"collection":[{"href":"http:\/\/www.radiolibertadmundo.com\/web\/wp-json\/wp\/v2\/posts"}],"about":[{"href":"http:\/\/www.radiolibertadmundo.com\/web\/wp-json\/wp\/v2\/types\/post"}],"author":[{"embeddable":true,"href":"http:\/\/www.radiolibertadmundo.com\/web\/wp-json\/wp\/v2\/users\/1"}],"replies":[{"embeddable":true,"href":"http:\/\/www.radiolibertadmundo.com\/web\/wp-json\/wp\/v2\/comments?post=17758"}],"version-history":[{"count":2,"href":"http:\/\/www.radiolibertadmundo.com\/web\/wp-json\/wp\/v2\/posts\/17758\/revisions"}],"predecessor-version":[{"id":17761,"href":"http:\/\/www.radiolibertadmundo.com\/web\/wp-json\/wp\/v2\/posts\/17758\/revisions\/17761"}],"wp:featuredmedia":[{"embeddable":true,"href":"http:\/\/www.radiolibertadmundo.com\/web\/wp-json\/wp\/v2\/media\/17759"}],"wp:attachment":[{"href":"http:\/\/www.radiolibertadmundo.com\/web\/wp-json\/wp\/v2\/media?parent=17758"}],"wp:term":[{"taxonomy":"category","embeddable":true,"href":"http:\/\/www.radiolibertadmundo.com\/web\/wp-json\/wp\/v2\/categories?post=17758"},{"taxonomy":"post_tag","embeddable":true,"href":"http:\/\/www.radiolibertadmundo.com\/web\/wp-json\/wp\/v2\/tags?post=17758"}],"curies":[{"name":"wp","href":"https:\/\/api.w.org\/{rel}","templated":true}]}}