{"id":17754,"date":"2018-10-10T16:19:40","date_gmt":"2018-10-10T16:19:40","guid":{"rendered":"http:\/\/www.radiolibertadmundo.com\/web\/?p=17754"},"modified":"2018-10-10T16:19:40","modified_gmt":"2018-10-10T16:19:40","slug":"jorge-munoz-llega-al-congreso-para-reunirse-con-daniel-salaverry","status":"publish","type":"post","link":"http:\/\/www.radiolibertadmundo.com\/web\/jorge-munoz-llega-al-congreso-para-reunirse-con-daniel-salaverry\/","title":{"rendered":"Jorge Mu\u00f1oz llega al Congreso para reunirse con Daniel Salaverry"},"content":{"rendered":"<p><a href=\"http:\/\/www.radiolibertadmundo.com\/web\/jorge-munoz-llega-al-congreso-para-reunirse-con-daniel-salaverry\/attachment\/28453\/\" rel=\"attachment wp-att-17755\"><img loading=\"lazy\" decoding=\"async\" class=\"alignnone  wp-image-17755\" src=\"http:\/\/www.radiolibertadmundo.com\/web\/wp-content\/uploads\/28453.jpg\" alt=\"\" width=\"571\" height=\"314\" srcset=\"http:\/\/www.radiolibertadmundo.com\/web\/wp-content\/uploads\/28453.jpg 655w, http:\/\/www.radiolibertadmundo.com\/web\/wp-content\/uploads\/28453-300x165.jpg 300w\" sizes=\"auto, (max-width: 571px) 100vw, 571px\" \/><\/a><\/p>\n<p>Jorge Mu\u00f1oz, virtual alcalde de Lima, lleg\u00f3 al\u00a0Congreso de la Rep\u00fablica\u00a0para reunirse con el titular del parlamento,\u00a0<strong>Daniel Salaverry<\/strong>.\u00a0El burgomaestre lleg\u00f3 a las 10:00 a.m. y\u00a0fue recibido en la puerta del Palacio Legislativo por Edmundo Del \u00c1guila, de Fuerza Popular\u00a0y Armando Villanueva, de Acci\u00f3n Popular. Cabe destacar, que el d\u00eda de hoy, mi\u00e9rcoles 10 de octubre, tambi\u00e9n se anunci\u00f3 una reuni\u00f3n con el actual alcalde de Lima, Luis Casta\u00f1eda Lossio, pero no se ha brindado un hora exacta del encuentro.<\/p>\n","protected":false},"excerpt":{"rendered":"<div class=\"mh-excerpt\"><p>Jorge Mu\u00f1oz, virtual alcalde de Lima, lleg\u00f3 al\u00a0Congreso de la Rep\u00fablica\u00a0para reunirse con el titular del parlamento,\u00a0Daniel Salaverry.\u00a0El burgomaestre lleg\u00f3 a las 10:00 a.m. y\u00a0fue <a class=\"mh-excerpt-more\" href=\"http:\/\/www.radiolibertadmundo.com\/web\/jorge-munoz-llega-al-congreso-para-reunirse-con-daniel-salaverry\/\" title=\"Jorge Mu\u00f1oz llega al Congreso para reunirse con Daniel Salaverry\">[&#8230;]<\/a><\/p>\n<\/div>","protected":false},"author":1,"featured_media":17755,"comment_status":"open","ping_status":"open","sticky":false,"template":"","format":"gallery","meta":{"footnotes":""},"categories":[3],"tags":[],"class_list":["post-17754","post","type-post","status-publish","format-gallery","has-post-thumbnail","hentry","category-noticias","post_format-post-format-gallery"],"_links":{"self":[{"href":"http:\/\/www.radiolibertadmundo.com\/web\/wp-json\/wp\/v2\/posts\/17754","targetHints":{"allow":["GET"]}}],"collection":[{"href":"http:\/\/www.radiolibertadmundo.com\/web\/wp-json\/wp\/v2\/posts"}],"about":[{"href":"http:\/\/www.radiolibertadmundo.com\/web\/wp-json\/wp\/v2\/types\/post"}],"author":[{"embeddable":true,"href":"http:\/\/www.radiolibertadmundo.com\/web\/wp-json\/wp\/v2\/users\/1"}],"replies":[{"embeddable":true,"href":"http:\/\/www.radiolibertadmundo.com\/web\/wp-json\/wp\/v2\/comments?post=17754"}],"version-history":[{"count":2,"href":"http:\/\/www.radiolibertadmundo.com\/web\/wp-json\/wp\/v2\/posts\/17754\/revisions"}],"predecessor-version":[{"id":17757,"href":"http:\/\/www.radiolibertadmundo.com\/web\/wp-json\/wp\/v2\/posts\/17754\/revisions\/17757"}],"wp:featuredmedia":[{"embeddable":true,"href":"http:\/\/www.radiolibertadmundo.com\/web\/wp-json\/wp\/v2\/media\/17755"}],"wp:attachment":[{"href":"http:\/\/www.radiolibertadmundo.com\/web\/wp-json\/wp\/v2\/media?parent=17754"}],"wp:term":[{"taxonomy":"category","embeddable":true,"href":"http:\/\/www.radiolibertadmundo.com\/web\/wp-json\/wp\/v2\/categories?post=17754"},{"taxonomy":"post_tag","embeddable":true,"href":"http:\/\/www.radiolibertadmundo.com\/web\/wp-json\/wp\/v2\/tags?post=17754"}],"curies":[{"name":"wp","href":"https:\/\/api.w.org\/{rel}","templated":true}]}}