{"id":17750,"date":"2018-10-10T16:18:02","date_gmt":"2018-10-10T16:18:02","guid":{"rendered":"http:\/\/www.radiolibertadmundo.com\/web\/?p=17750"},"modified":"2018-10-10T16:18:02","modified_gmt":"2018-10-10T16:18:02","slug":"yonhy-lescano-considera-que-esther-saavedra-debe-ser-amonestada-por-agresion-a-periodista","status":"publish","type":"post","link":"http:\/\/www.radiolibertadmundo.com\/web\/yonhy-lescano-considera-que-esther-saavedra-debe-ser-amonestada-por-agresion-a-periodista\/","title":{"rendered":"Yonhy Lescano considera que Esther Saavedra debe ser amonestada por agresi\u00f3n a periodista"},"content":{"rendered":"<p><a href=\"http:\/\/www.radiolibertadmundo.com\/web\/yonhy-lescano-considera-que-esther-saavedra-debe-ser-amonestada-por-agresion-a-periodista\/271427_104794\/\" rel=\"attachment wp-att-17751\"><img loading=\"lazy\" decoding=\"async\" class=\"alignnone size-full wp-image-17751\" src=\"http:\/\/www.radiolibertadmundo.com\/web\/wp-content\/uploads\/271427_104794.jpg\" alt=\"\" width=\"604\" height=\"340\" srcset=\"http:\/\/www.radiolibertadmundo.com\/web\/wp-content\/uploads\/271427_104794.jpg 604w, http:\/\/www.radiolibertadmundo.com\/web\/wp-content\/uploads\/271427_104794-300x169.jpg 300w\" sizes=\"auto, (max-width: 604px) 100vw, 604px\" \/><\/a><\/p>\n<p>El congresista de Acci\u00f3n Popular\u00a0Yonhy Lescano\u00a0consider\u00f3 que la parlamentaria de Fuerza Popular\u00a0Esther Saavedra\u00a0deber ser investigada en la\u00a0Comisi\u00f3n de \u00c9tica\u00a0y amonestada por agredir a un periodista en Tarapoto. \u00abEl caso de la se\u00f1ora\u00a0Saavedra tiene que ir a la\u00a0Comisi\u00f3n de \u00c9tica. Ha pedido las disculpas al pa\u00eds, pero no al agraviado, yo creo que, por lo menos, hay que amonestarla para que no est\u00e9 incurriendo en ese tipo de actitudes que desprestigia m\u00e1s al Congreso\u00bb, expres\u00f3 el legislador del partido de la lampa.<\/p>\n<p>La mencionada comisi\u00f3n que presidente la parlamentaria de Peruanos por el Kambio (PpK)\u00a0Janet S\u00e1nchez\u00a0sesionar\u00e1 este lunes y se ver\u00e1 si se abre investigaci\u00f3n contra la parlamentaria fujimorista.\u00a0 Como se recuerda,\u00a0<strong>Esther Saavedra<\/strong>\u00a0lanz\u00f3 dos manotazos al periodista Edgar Alarc\u00f3n, a quien denunci\u00f3 por difamaci\u00f3n a ra\u00edz de la publicaci\u00f3n de un reportaje que denuncia documentos falsos en los estudios de la congresista de la bancada naranja.<\/p>\n<p>\u00abOfrezco disculpas p\u00fablicas al pa\u00eds por mi reacci\u00f3n, soy humana y cometo errores, este es uno de ellos. No actu\u00e9 de una manera adecuada y no existe justificaci\u00f3n. Reitero mis disculpas a quienes represento, a mi bancada y al Congreso\u00bb, pidi\u00f3 disculpas\u00a0en su cuenta de Twitter.<\/p>\n","protected":false},"excerpt":{"rendered":"<div class=\"mh-excerpt\"><p>El congresista de Acci\u00f3n Popular\u00a0Yonhy Lescano\u00a0consider\u00f3 que la parlamentaria de Fuerza Popular\u00a0Esther Saavedra\u00a0deber ser investigada en la\u00a0Comisi\u00f3n de \u00c9tica\u00a0y amonestada por agredir a un periodista <a class=\"mh-excerpt-more\" href=\"http:\/\/www.radiolibertadmundo.com\/web\/yonhy-lescano-considera-que-esther-saavedra-debe-ser-amonestada-por-agresion-a-periodista\/\" title=\"Yonhy Lescano considera que Esther Saavedra debe ser amonestada por agresi\u00f3n a periodista\">[&#8230;]<\/a><\/p>\n<\/div>","protected":false},"author":1,"featured_media":17751,"comment_status":"open","ping_status":"open","sticky":false,"template":"","format":"gallery","meta":{"footnotes":""},"categories":[3],"tags":[],"class_list":["post-17750","post","type-post","status-publish","format-gallery","has-post-thumbnail","hentry","category-noticias","post_format-post-format-gallery"],"_links":{"self":[{"href":"http:\/\/www.radiolibertadmundo.com\/web\/wp-json\/wp\/v2\/posts\/17750","targetHints":{"allow":["GET"]}}],"collection":[{"href":"http:\/\/www.radiolibertadmundo.com\/web\/wp-json\/wp\/v2\/posts"}],"about":[{"href":"http:\/\/www.radiolibertadmundo.com\/web\/wp-json\/wp\/v2\/types\/post"}],"author":[{"embeddable":true,"href":"http:\/\/www.radiolibertadmundo.com\/web\/wp-json\/wp\/v2\/users\/1"}],"replies":[{"embeddable":true,"href":"http:\/\/www.radiolibertadmundo.com\/web\/wp-json\/wp\/v2\/comments?post=17750"}],"version-history":[{"count":2,"href":"http:\/\/www.radiolibertadmundo.com\/web\/wp-json\/wp\/v2\/posts\/17750\/revisions"}],"predecessor-version":[{"id":17753,"href":"http:\/\/www.radiolibertadmundo.com\/web\/wp-json\/wp\/v2\/posts\/17750\/revisions\/17753"}],"wp:featuredmedia":[{"embeddable":true,"href":"http:\/\/www.radiolibertadmundo.com\/web\/wp-json\/wp\/v2\/media\/17751"}],"wp:attachment":[{"href":"http:\/\/www.radiolibertadmundo.com\/web\/wp-json\/wp\/v2\/media?parent=17750"}],"wp:term":[{"taxonomy":"category","embeddable":true,"href":"http:\/\/www.radiolibertadmundo.com\/web\/wp-json\/wp\/v2\/categories?post=17750"},{"taxonomy":"post_tag","embeddable":true,"href":"http:\/\/www.radiolibertadmundo.com\/web\/wp-json\/wp\/v2\/tags?post=17750"}],"curies":[{"name":"wp","href":"https:\/\/api.w.org\/{rel}","templated":true}]}}