{"id":17746,"date":"2018-10-10T16:16:25","date_gmt":"2018-10-10T16:16:25","guid":{"rendered":"http:\/\/www.radiolibertadmundo.com\/web\/?p=17746"},"modified":"2018-10-10T16:16:25","modified_gmt":"2018-10-10T16:16:25","slug":"daniel-abugattas-sobre-detencion-a-keiko-fujimori-es-octubre-el-mes-de-los-milagros","status":"publish","type":"post","link":"http:\/\/www.radiolibertadmundo.com\/web\/daniel-abugattas-sobre-detencion-a-keiko-fujimori-es-octubre-el-mes-de-los-milagros\/","title":{"rendered":"Daniel Abugatt\u00e1s sobre detenci\u00f3n a Keiko Fujimori: \u00abEs octubre, el mes de los milagros\u00bb"},"content":{"rendered":"<p><a href=\"http:\/\/www.radiolibertadmundo.com\/web\/daniel-abugattas-sobre-detencion-a-keiko-fujimori-es-octubre-el-mes-de-los-milagros\/daniel-abugattas-sobre-detencion-de-keiko-fujimo-846941-850029-jpg_604x0\/\" rel=\"attachment wp-att-17747\"><img loading=\"lazy\" decoding=\"async\" class=\"alignnone size-full wp-image-17747\" src=\"http:\/\/www.radiolibertadmundo.com\/web\/wp-content\/uploads\/daniel-abugattas-sobre-detencion-de-keiko-fujimo-846941-850029-jpg_604x0.jpg\" alt=\"\" width=\"604\" height=\"340\" srcset=\"http:\/\/www.radiolibertadmundo.com\/web\/wp-content\/uploads\/daniel-abugattas-sobre-detencion-de-keiko-fujimo-846941-850029-jpg_604x0.jpg 604w, http:\/\/www.radiolibertadmundo.com\/web\/wp-content\/uploads\/daniel-abugattas-sobre-detencion-de-keiko-fujimo-846941-850029-jpg_604x0-300x169.jpg 300w\" sizes=\"auto, (max-width: 604px) 100vw, 604px\" \/><\/a><\/p>\n<p>El excongresista\u00a0Daniel Abugatt\u00e1s, a trav\u00e9s de su cuenta de Twitter, se refiri\u00f3 a la\u00a0detenci\u00f3n preeliminar\u00a0que recibi\u00f3 la lideresa de Fuerza Popular,\u00a0Keiko Fujimori.\u00a0Daniel Abugatt\u00e1s\u00a0pidi\u00f3 que se respete el debido proceso y que las autoridades fiscales que no le permitan \u00abvictimizarse\u00bb.<\/p>\n<p>\u00abDetenci\u00f3n de la\u00a0Sra K. Es Octubre el mes de los milagros, esperemos se respete el debido proceso y no le permitan victimizarse, tendr\u00e1 que ver con la amenaza a Chavarry\u00bb, expres\u00f3 el exparlamentario.<\/p>\n<p><img decoding=\"async\" src=\"https:\/\/cdne.diariocorreo.pe\/redactor\/uploads\/2018\/10\/10\/da.jpg\" \/><\/p>\n<p>Como se recuerda, esta ma\u00f1ana el despacho de\u00a0Richard Concepci\u00f3n Carhuancho\u00a0dio la orden de la detenci\u00f3n preeliminar de 10 d\u00edas para\u00a0Keiko Fujimori\u00a0por el\u00a0caso &#8216;c\u00f3cteles&#8217;.<\/p>\n","protected":false},"excerpt":{"rendered":"<div class=\"mh-excerpt\"><p>El excongresista\u00a0Daniel Abugatt\u00e1s, a trav\u00e9s de su cuenta de Twitter, se refiri\u00f3 a la\u00a0detenci\u00f3n preeliminar\u00a0que recibi\u00f3 la lideresa de Fuerza Popular,\u00a0Keiko Fujimori.\u00a0Daniel Abugatt\u00e1s\u00a0pidi\u00f3 que se <a class=\"mh-excerpt-more\" href=\"http:\/\/www.radiolibertadmundo.com\/web\/daniel-abugattas-sobre-detencion-a-keiko-fujimori-es-octubre-el-mes-de-los-milagros\/\" title=\"Daniel Abugatt\u00e1s sobre detenci\u00f3n a Keiko Fujimori: \u00abEs octubre, el mes de los milagros\u00bb\">[&#8230;]<\/a><\/p>\n<\/div>","protected":false},"author":1,"featured_media":17747,"comment_status":"open","ping_status":"open","sticky":false,"template":"","format":"gallery","meta":{"footnotes":""},"categories":[3],"tags":[],"class_list":["post-17746","post","type-post","status-publish","format-gallery","has-post-thumbnail","hentry","category-noticias","post_format-post-format-gallery"],"_links":{"self":[{"href":"http:\/\/www.radiolibertadmundo.com\/web\/wp-json\/wp\/v2\/posts\/17746","targetHints":{"allow":["GET"]}}],"collection":[{"href":"http:\/\/www.radiolibertadmundo.com\/web\/wp-json\/wp\/v2\/posts"}],"about":[{"href":"http:\/\/www.radiolibertadmundo.com\/web\/wp-json\/wp\/v2\/types\/post"}],"author":[{"embeddable":true,"href":"http:\/\/www.radiolibertadmundo.com\/web\/wp-json\/wp\/v2\/users\/1"}],"replies":[{"embeddable":true,"href":"http:\/\/www.radiolibertadmundo.com\/web\/wp-json\/wp\/v2\/comments?post=17746"}],"version-history":[{"count":2,"href":"http:\/\/www.radiolibertadmundo.com\/web\/wp-json\/wp\/v2\/posts\/17746\/revisions"}],"predecessor-version":[{"id":17749,"href":"http:\/\/www.radiolibertadmundo.com\/web\/wp-json\/wp\/v2\/posts\/17746\/revisions\/17749"}],"wp:featuredmedia":[{"embeddable":true,"href":"http:\/\/www.radiolibertadmundo.com\/web\/wp-json\/wp\/v2\/media\/17747"}],"wp:attachment":[{"href":"http:\/\/www.radiolibertadmundo.com\/web\/wp-json\/wp\/v2\/media?parent=17746"}],"wp:term":[{"taxonomy":"category","embeddable":true,"href":"http:\/\/www.radiolibertadmundo.com\/web\/wp-json\/wp\/v2\/categories?post=17746"},{"taxonomy":"post_tag","embeddable":true,"href":"http:\/\/www.radiolibertadmundo.com\/web\/wp-json\/wp\/v2\/tags?post=17746"}],"curies":[{"name":"wp","href":"https:\/\/api.w.org\/{rel}","templated":true}]}}