{"id":17732,"date":"2018-10-09T16:38:58","date_gmt":"2018-10-09T16:38:58","guid":{"rendered":"http:\/\/www.radiolibertadmundo.com\/web\/?p=17732"},"modified":"2018-10-09T16:38:58","modified_gmt":"2018-10-09T16:38:58","slug":"martin-vizcarra-dice-que-no-apoyara-el-proyecto-de-bicameralidad-por-haber-sido-desnaturalizado","status":"publish","type":"post","link":"http:\/\/www.radiolibertadmundo.com\/web\/martin-vizcarra-dice-que-no-apoyara-el-proyecto-de-bicameralidad-por-haber-sido-desnaturalizado\/","title":{"rendered":"Mart\u00edn Vizcarra dice que no apoyar\u00e1 el proyecto de bicameralidad por haber sido \u00abdesnaturalizado\u00bb"},"content":{"rendered":"<p><a href=\"http:\/\/www.radiolibertadmundo.com\/web\/martin-vizcarra-dice-que-no-apoyara-el-proyecto-de-bicameralidad-por-haber-sido-desnaturalizado\/noticia-vizcarra-referendum\/\" rel=\"attachment wp-att-17733\"><img loading=\"lazy\" decoding=\"async\" class=\"alignnone  wp-image-17733\" src=\"http:\/\/www.radiolibertadmundo.com\/web\/wp-content\/uploads\/noticia-vizcarra-referendum.png\" alt=\"\" width=\"583\" height=\"328\" srcset=\"http:\/\/www.radiolibertadmundo.com\/web\/wp-content\/uploads\/noticia-vizcarra-referendum.png 720w, http:\/\/www.radiolibertadmundo.com\/web\/wp-content\/uploads\/noticia-vizcarra-referendum-300x169.png 300w\" sizes=\"auto, (max-width: 583px) 100vw, 583px\" \/><\/a><\/p>\n<p>Mart\u00edn Vizcarra, presidente de la Rep\u00fablica, expres\u00f3 su posici\u00f3n en la convocatoria para el refer\u00e9ndum sobre las reformas que present\u00f3 al Congreso y le dijo \u00abno\u00bb a la propuesta de la bicameralidad porque considera que fue \u00abdesnaturalizada\u00bb. \u00abA la reorganizaci\u00f3n del Consejo Nacional de la Magistratura (CNM), decimos s\u00ed. A la segunda consulta referida a la fiscalizaci\u00f3n del financiamiento de los partidos pol\u00edticos, decimos s\u00ed. A la tercera pregunta del refer\u00e9ndum que establece la no reelecci\u00f3n inmediata de congresistas, decimos s\u00ed. Sin embargo, a la cuarta consulta sobre la bicameralidad, decimos no tal como ha sido propuesto por el Congreso porque lo ha desnaturalizado\u00bb, expres\u00f3 el mandatario.<\/p>\n<p>El presidente\u00a0Mart\u00edn Vizcarra\u00a0anunciar\u00e1 hoy la convocatoria para el refer\u00e9ndum que abordar\u00e1 las reformas pol\u00edtica y judicial. Sin embargo, el Ejecutivo ya tiene listo un borrador de las preguntas. La noticia no ser\u00e1 alentadora para todos en el Legislativo, tomando en cuenta que su presidente,\u00a0Daniel Salaverry, ha se\u00f1alado que es el Jurado Nacional de Elecciones (JNE), el encargado de interpretar las cuatro normas aprobadas.<\/p>\n<p>El\u00a0presidente del Consejo de Ministros,\u00a0C\u00e9sar Villanueva, sostiene que ya han trabajado en las preguntas que responder\u00e1 la ciudadan\u00eda el pr\u00f3ximo 9 de diciembre.\u00a0\u201cNosotros hemos recibido la indicaci\u00f3n de hacer las preguntas y hay un equipo t\u00e9cnico que ha trabajado en ello\u201d, indic\u00f3 el Premier. En esa misma l\u00ednea, se\u00f1al\u00f3 que ya tienen un borrador que est\u00e1 pendiente de \u201cpasar al JNE\u201d.<\/p>\n<p>Uno de los puntos que gener\u00f3 mayor debate es la no reelecci\u00f3n de congresistas. Mientras que un grupo se\u00f1ala que aplicar\u00eda para el siguiente periodo legislativo, otro advierte que los actuales parlamentarios s\u00ed podr\u00e1n postular a senadores. Consultado sobre el tema, el titular de la\u00a0PCM\u00a0fue firme al indicar que la norma tiene que darse como lo plante\u00f3 el Ejecutivo, es decir, que la no reelecci\u00f3n aplicar\u00eda desde el 2021.\u00a0\u201cNosotros hemos planteado que la no reelecci\u00f3n sea desde el a\u00f1o 2021\u201d, enfatiz\u00f3.<\/p>\n<p>Sin embargo,\u00a0Villalobos\u00a0aclara que quien definir\u00e1 el tema es el JNE en pr\u00f3ximos comicios.\u00a0\u201cSi para el 2021, alg\u00fan congresista actual quiere postular a senador o diputado, el JNE se pronunciar\u00e1 en ese momento, cuando el caso concreto llegue a sus manos\u201d, dijo. El tambi\u00e9n experto en temas electorales, advierte que al JNE no le compete pronunciarse si est\u00e1 a favor o no de alguna de las preguntas.<\/p>\n<p>\u201cEl Ejecutivo no puede modificar lo que aprob\u00f3 el Congreso. Las preguntas deben ce\u00f1irse a lo que se aprob\u00f3 en primera votaci\u00f3n\u201d, manifest\u00f3. Aunque el Ejecutivo y el Legislativo no coordinen sobre ese punto en particular, fuentes se\u00f1alan que la\u00a0<strong>ONPE\u00a0<\/strong>y el\u00a0<strong>JNE\u00a0<\/strong>ya est\u00e1n coordinando para adecuar sus reglamentos con miras al refer\u00e9ndum.<\/p>\n<p>&nbsp;<\/p>\n","protected":false},"excerpt":{"rendered":"<div class=\"mh-excerpt\"><p>Mart\u00edn Vizcarra, presidente de la Rep\u00fablica, expres\u00f3 su posici\u00f3n en la convocatoria para el refer\u00e9ndum sobre las reformas que present\u00f3 al Congreso y le dijo <a class=\"mh-excerpt-more\" href=\"http:\/\/www.radiolibertadmundo.com\/web\/martin-vizcarra-dice-que-no-apoyara-el-proyecto-de-bicameralidad-por-haber-sido-desnaturalizado\/\" title=\"Mart\u00edn Vizcarra dice que no apoyar\u00e1 el proyecto de bicameralidad por haber sido \u00abdesnaturalizado\u00bb\">[&#8230;]<\/a><\/p>\n<\/div>","protected":false},"author":1,"featured_media":17733,"comment_status":"open","ping_status":"open","sticky":false,"template":"","format":"gallery","meta":{"footnotes":""},"categories":[3],"tags":[],"class_list":["post-17732","post","type-post","status-publish","format-gallery","has-post-thumbnail","hentry","category-noticias","post_format-post-format-gallery"],"_links":{"self":[{"href":"http:\/\/www.radiolibertadmundo.com\/web\/wp-json\/wp\/v2\/posts\/17732","targetHints":{"allow":["GET"]}}],"collection":[{"href":"http:\/\/www.radiolibertadmundo.com\/web\/wp-json\/wp\/v2\/posts"}],"about":[{"href":"http:\/\/www.radiolibertadmundo.com\/web\/wp-json\/wp\/v2\/types\/post"}],"author":[{"embeddable":true,"href":"http:\/\/www.radiolibertadmundo.com\/web\/wp-json\/wp\/v2\/users\/1"}],"replies":[{"embeddable":true,"href":"http:\/\/www.radiolibertadmundo.com\/web\/wp-json\/wp\/v2\/comments?post=17732"}],"version-history":[{"count":2,"href":"http:\/\/www.radiolibertadmundo.com\/web\/wp-json\/wp\/v2\/posts\/17732\/revisions"}],"predecessor-version":[{"id":17735,"href":"http:\/\/www.radiolibertadmundo.com\/web\/wp-json\/wp\/v2\/posts\/17732\/revisions\/17735"}],"wp:featuredmedia":[{"embeddable":true,"href":"http:\/\/www.radiolibertadmundo.com\/web\/wp-json\/wp\/v2\/media\/17733"}],"wp:attachment":[{"href":"http:\/\/www.radiolibertadmundo.com\/web\/wp-json\/wp\/v2\/media?parent=17732"}],"wp:term":[{"taxonomy":"category","embeddable":true,"href":"http:\/\/www.radiolibertadmundo.com\/web\/wp-json\/wp\/v2\/categories?post=17732"},{"taxonomy":"post_tag","embeddable":true,"href":"http:\/\/www.radiolibertadmundo.com\/web\/wp-json\/wp\/v2\/tags?post=17732"}],"curies":[{"name":"wp","href":"https:\/\/api.w.org\/{rel}","templated":true}]}}