{"id":17720,"date":"2018-10-06T16:32:49","date_gmt":"2018-10-06T16:32:49","guid":{"rendered":"http:\/\/www.radiolibertadmundo.com\/web\/?p=17720"},"modified":"2018-10-06T16:32:49","modified_gmt":"2018-10-06T16:32:49","slug":"inician-construccion-de-carretera-que-unira-a-tres-distritos-con-siete-caserios-en-julcan","status":"publish","type":"post","link":"http:\/\/www.radiolibertadmundo.com\/web\/inician-construccion-de-carretera-que-unira-a-tres-distritos-con-siete-caserios-en-julcan\/","title":{"rendered":"Inician construcci\u00f3n de carretera que unir\u00e1 a tres distritos con siete caser\u00edos en Julc\u00e1n"},"content":{"rendered":"<p><a href=\"http:\/\/www.radiolibertadmundo.com\/web\/inician-construccion-de-carretera-que-unira-a-tres-distritos-con-siete-caserios-en-julcan\/inician-construccion-de-carretera-que-unira-a-tr-845861-040670-jpg_604x0\/\" rel=\"attachment wp-att-17721\"><img loading=\"lazy\" decoding=\"async\" class=\"alignnone  wp-image-17721\" src=\"http:\/\/www.radiolibertadmundo.com\/web\/wp-content\/uploads\/inician-construccion-de-carretera-que-unira-a-tr-845861-040670-jpg_604x0.jpg\" alt=\"\" width=\"617\" height=\"278\" srcset=\"http:\/\/www.radiolibertadmundo.com\/web\/wp-content\/uploads\/inician-construccion-de-carretera-que-unira-a-tr-845861-040670-jpg_604x0.jpg 604w, http:\/\/www.radiolibertadmundo.com\/web\/wp-content\/uploads\/inician-construccion-de-carretera-que-unira-a-tr-845861-040670-jpg_604x0-300x135.jpg 300w\" sizes=\"auto, (max-width: 617px) 100vw, 617px\" \/><\/a><\/p>\n<p>Siete caser\u00edos de la provincia de\u00a0Julc\u00e1n\u00a0tendr\u00e1n por primera vez una carretera y m\u00e1s de cinco mil pobladores ser\u00e1n los beneficiados.\u00a0 Esto debido a que las autoridades julcaneras dieron inicio a la construcci\u00f3n de una carretera que por primera vez unir\u00e1 a 3 distritos y 7 caser\u00edos de la provincia de\u00a0<strong>Julc\u00e1n<\/strong>. Se trata de una de las v\u00edas de los valles Villa Chacato, Pamp\u00e1n, Campamento, Lluan, Huarismalca, Huaycate hasta el Caser\u00edo La Vega en el Distrito de Huaso.<\/p>\n<div class=\"teads-inread sm-screen\">\n<div><\/div>\n<\/div>\n<p>\u00abEsta carretera era el sue\u00f1o de muchas generaciones. Algunos se fueron sin ver el inicio de esta obra; sin embargo, no quisimos seguir postergando esta deuda pendiente con nuestros hermanos. La obra beneficiar\u00e1 enormemente a todos los pobladores de los valles antes mencionados como tambi\u00e9n acortar\u00e1 la distancia de Huaso a Julc\u00e1n\u201d manifest\u00f3 Jhon Rodr\u00edguez,\u00a0alcalde provincial de\u00a0<strong>Julc\u00e1n<\/strong>.<\/p>\n<p>Durante la ceremonia de entrega significativa de la obra, el alcalde provincial, inform\u00f3 que esta v\u00eda de 20 kil\u00f3metros beneficiar\u00e1 a unos 5 mil habitantes de los caser\u00edos pertenecientes a Julc\u00e1n, Calamarca y Huaso. El proyecto tendr\u00e1 un costo superior a los 9 millones de soles y dentro de las pr\u00f3ximas etapas est\u00e1 contemplado un afirmado y ensanchamiento.<\/p>\n","protected":false},"excerpt":{"rendered":"<div class=\"mh-excerpt\"><p>Siete caser\u00edos de la provincia de\u00a0Julc\u00e1n\u00a0tendr\u00e1n por primera vez una carretera y m\u00e1s de cinco mil pobladores ser\u00e1n los beneficiados.\u00a0 Esto debido a que las <a class=\"mh-excerpt-more\" href=\"http:\/\/www.radiolibertadmundo.com\/web\/inician-construccion-de-carretera-que-unira-a-tres-distritos-con-siete-caserios-en-julcan\/\" title=\"Inician construcci\u00f3n de carretera que unir\u00e1 a tres distritos con siete caser\u00edos en Julc\u00e1n\">[&#8230;]<\/a><\/p>\n<\/div>","protected":false},"author":1,"featured_media":17721,"comment_status":"open","ping_status":"open","sticky":false,"template":"","format":"gallery","meta":{"footnotes":""},"categories":[3],"tags":[],"class_list":["post-17720","post","type-post","status-publish","format-gallery","has-post-thumbnail","hentry","category-noticias","post_format-post-format-gallery"],"_links":{"self":[{"href":"http:\/\/www.radiolibertadmundo.com\/web\/wp-json\/wp\/v2\/posts\/17720","targetHints":{"allow":["GET"]}}],"collection":[{"href":"http:\/\/www.radiolibertadmundo.com\/web\/wp-json\/wp\/v2\/posts"}],"about":[{"href":"http:\/\/www.radiolibertadmundo.com\/web\/wp-json\/wp\/v2\/types\/post"}],"author":[{"embeddable":true,"href":"http:\/\/www.radiolibertadmundo.com\/web\/wp-json\/wp\/v2\/users\/1"}],"replies":[{"embeddable":true,"href":"http:\/\/www.radiolibertadmundo.com\/web\/wp-json\/wp\/v2\/comments?post=17720"}],"version-history":[{"count":2,"href":"http:\/\/www.radiolibertadmundo.com\/web\/wp-json\/wp\/v2\/posts\/17720\/revisions"}],"predecessor-version":[{"id":17723,"href":"http:\/\/www.radiolibertadmundo.com\/web\/wp-json\/wp\/v2\/posts\/17720\/revisions\/17723"}],"wp:featuredmedia":[{"embeddable":true,"href":"http:\/\/www.radiolibertadmundo.com\/web\/wp-json\/wp\/v2\/media\/17721"}],"wp:attachment":[{"href":"http:\/\/www.radiolibertadmundo.com\/web\/wp-json\/wp\/v2\/media?parent=17720"}],"wp:term":[{"taxonomy":"category","embeddable":true,"href":"http:\/\/www.radiolibertadmundo.com\/web\/wp-json\/wp\/v2\/categories?post=17720"},{"taxonomy":"post_tag","embeddable":true,"href":"http:\/\/www.radiolibertadmundo.com\/web\/wp-json\/wp\/v2\/tags?post=17720"}],"curies":[{"name":"wp","href":"https:\/\/api.w.org\/{rel}","templated":true}]}}