{"id":17712,"date":"2018-10-06T16:22:26","date_gmt":"2018-10-06T16:22:26","guid":{"rendered":"http:\/\/www.radiolibertadmundo.com\/web\/?p=17712"},"modified":"2018-10-06T16:22:26","modified_gmt":"2018-10-06T16:22:26","slug":"maritza-garcia-propone-a-fuerza-popular-pagar-reparacion-civil-de-alberto-fujimori","status":"publish","type":"post","link":"http:\/\/www.radiolibertadmundo.com\/web\/maritza-garcia-propone-a-fuerza-popular-pagar-reparacion-civil-de-alberto-fujimori\/","title":{"rendered":"Maritza Garc\u00eda propone a Fuerza Popular pagar reparaci\u00f3n civil de Alberto Fujimori"},"content":{"rendered":"<p><a href=\"http:\/\/www.radiolibertadmundo.com\/web\/maritza-garcia-propone-a-fuerza-popular-pagar-reparacion-civil-de-alberto-fujimori\/543754_567656\/\" rel=\"attachment wp-att-17713\"><img loading=\"lazy\" decoding=\"async\" class=\"alignnone  wp-image-17713\" src=\"http:\/\/www.radiolibertadmundo.com\/web\/wp-content\/uploads\/543754_567656.jpg\" alt=\"\" width=\"581\" height=\"327\" srcset=\"http:\/\/www.radiolibertadmundo.com\/web\/wp-content\/uploads\/543754_567656.jpg 604w, http:\/\/www.radiolibertadmundo.com\/web\/wp-content\/uploads\/543754_567656-300x169.jpg 300w\" sizes=\"auto, (max-width: 581px) 100vw, 581px\" \/><\/a><\/p>\n<p>Si de verdad tienen inter\u00e9s,\u00a0deber\u00edan pagar la reparaci\u00f3n civil que\u00a0Alberto Fujimori<strong>\u00a0<\/strong>adeuda al Estado, fue la propuesta que la\u00a0exmiembro de Fuerza Popular,\u00a0Martiza Garc\u00eda, recomend\u00f3 al fujimorismo del ala keikista.\u00a0 Garc\u00eda,\u00a0 mencion\u00f3 que, a trav\u00e9s de los aportes mensuales\u00a0que hace cada legislador, el partido liderado por\u00a0Keiko Fujimori\u00a0re\u00fane mes a mes alrededor de\u00a0140 mil soles, es decir, m\u00e1s de 1 mill\u00f3n de soles al a\u00f1o. Cubriendo dicha reparaci\u00f3n del exmandatario, la congresista mencion\u00f3 que Fuerza Popular\u00a0demostrar\u00eda inter\u00e9s por el fundador del fujimorismo, adem\u00e1s de mencionar que dicho dinero tambi\u00e9n podr\u00eda ser destinado a los familiares de las v\u00edctimas\u00a0por cuyos casos Fujimori fue condenado a 25 a\u00f1os de c\u00e1rcel.<\/p>\n<p>\u00abSe le puede poner punto final a este conflicto, si de verdad en alg\u00fan momento en esta etapa de ejecuci\u00f3n del proceso\u00a0se ordena el pago de la indemnizaci\u00f3n\u00a0y en\u00a0Fuerza Popular\u00a0los aportes que hacen al partido, se vayan para pagar a las v\u00edctimas. Cerrar\u00edamos parte de ese gran dolor que sienten las familias\u00bb, estim\u00f3 la parlamentaria que comulga con el hijo menor de Alberto Fujimori, Kenji. Dichos aportes fueron considerados por\u00a0Garc\u00eda como\u00a0\u00ab<strong>una prueba de demostraci\u00f3n de que respetan al l\u00edder hist\u00f3rico\u00bb.<\/strong><\/p>\n","protected":false},"excerpt":{"rendered":"<div class=\"mh-excerpt\"><p>Si de verdad tienen inter\u00e9s,\u00a0deber\u00edan pagar la reparaci\u00f3n civil que\u00a0Alberto Fujimori\u00a0adeuda al Estado, fue la propuesta que la\u00a0exmiembro de Fuerza Popular,\u00a0Martiza Garc\u00eda, recomend\u00f3 al fujimorismo <a class=\"mh-excerpt-more\" href=\"http:\/\/www.radiolibertadmundo.com\/web\/maritza-garcia-propone-a-fuerza-popular-pagar-reparacion-civil-de-alberto-fujimori\/\" title=\"Maritza Garc\u00eda propone a Fuerza Popular pagar reparaci\u00f3n civil de Alberto Fujimori\">[&#8230;]<\/a><\/p>\n<\/div>","protected":false},"author":1,"featured_media":17713,"comment_status":"open","ping_status":"open","sticky":false,"template":"","format":"gallery","meta":{"footnotes":""},"categories":[3],"tags":[],"class_list":["post-17712","post","type-post","status-publish","format-gallery","has-post-thumbnail","hentry","category-noticias","post_format-post-format-gallery"],"_links":{"self":[{"href":"http:\/\/www.radiolibertadmundo.com\/web\/wp-json\/wp\/v2\/posts\/17712","targetHints":{"allow":["GET"]}}],"collection":[{"href":"http:\/\/www.radiolibertadmundo.com\/web\/wp-json\/wp\/v2\/posts"}],"about":[{"href":"http:\/\/www.radiolibertadmundo.com\/web\/wp-json\/wp\/v2\/types\/post"}],"author":[{"embeddable":true,"href":"http:\/\/www.radiolibertadmundo.com\/web\/wp-json\/wp\/v2\/users\/1"}],"replies":[{"embeddable":true,"href":"http:\/\/www.radiolibertadmundo.com\/web\/wp-json\/wp\/v2\/comments?post=17712"}],"version-history":[{"count":2,"href":"http:\/\/www.radiolibertadmundo.com\/web\/wp-json\/wp\/v2\/posts\/17712\/revisions"}],"predecessor-version":[{"id":17715,"href":"http:\/\/www.radiolibertadmundo.com\/web\/wp-json\/wp\/v2\/posts\/17712\/revisions\/17715"}],"wp:featuredmedia":[{"embeddable":true,"href":"http:\/\/www.radiolibertadmundo.com\/web\/wp-json\/wp\/v2\/media\/17713"}],"wp:attachment":[{"href":"http:\/\/www.radiolibertadmundo.com\/web\/wp-json\/wp\/v2\/media?parent=17712"}],"wp:term":[{"taxonomy":"category","embeddable":true,"href":"http:\/\/www.radiolibertadmundo.com\/web\/wp-json\/wp\/v2\/categories?post=17712"},{"taxonomy":"post_tag","embeddable":true,"href":"http:\/\/www.radiolibertadmundo.com\/web\/wp-json\/wp\/v2\/tags?post=17712"}],"curies":[{"name":"wp","href":"https:\/\/api.w.org\/{rel}","templated":true}]}}