{"id":17708,"date":"2018-10-06T16:08:11","date_gmt":"2018-10-06T16:08:11","guid":{"rendered":"http:\/\/www.radiolibertadmundo.com\/web\/?p=17708"},"modified":"2018-10-06T16:08:12","modified_gmt":"2018-10-06T16:08:12","slug":"congresistas-enfrentados-por-la-no-reeleccion-parlamentaria","status":"publish","type":"post","link":"http:\/\/www.radiolibertadmundo.com\/web\/congresistas-enfrentados-por-la-no-reeleccion-parlamentaria\/","title":{"rendered":"Congresistas enfrentados por la no reelecci\u00f3n parlamentaria"},"content":{"rendered":"<p><a href=\"http:\/\/www.radiolibertadmundo.com\/web\/congresistas-enfrentados-por-la-no-reeleccion-parlamentaria\/congresistas-enfrentados-por-la-no-reeleccion-846015-942957-jpg_604x0\/\" rel=\"attachment wp-att-17709\"><img loading=\"lazy\" decoding=\"async\" class=\"alignnone size-full wp-image-17709\" src=\"http:\/\/www.radiolibertadmundo.com\/web\/wp-content\/uploads\/congresistas-enfrentados-por-la-no-reeleccion-846015-942957-jpg_604x0.jpg\" alt=\"\" width=\"604\" height=\"302\" srcset=\"http:\/\/www.radiolibertadmundo.com\/web\/wp-content\/uploads\/congresistas-enfrentados-por-la-no-reeleccion-846015-942957-jpg_604x0.jpg 604w, http:\/\/www.radiolibertadmundo.com\/web\/wp-content\/uploads\/congresistas-enfrentados-por-la-no-reeleccion-846015-942957-jpg_604x0-300x150.jpg 300w\" sizes=\"auto, (max-width: 604px) 100vw, 604px\" \/><\/a><\/p>\n<p>La aprobaci\u00f3n de la reforma constitucional sobre la\u00a0no reelecci\u00f3n inmediata\u00a0de congresistas ha generado una divergencia en su interpretaci\u00f3n entre integrantes del Ejecutivo y el Legislativo. La propuesta del Gobierno modifica el art\u00edculo 90-A de la Constituci\u00f3n, que planteaba que \u201clos congresistas no pueden ser reelegidos de manera inmediata para un nuevo periodo\u201d. Sin embargo, ante la creaci\u00f3n de la\u00a0bicameralidad\u00a0y el regreso de senadores y diputados, se precis\u00f3 que el Congreso se denominar\u00e1 Parlamento y, por lo tanto, tendr\u00e1 parlamentarios. Por ello, los cambios en el citado art\u00edculo de la Constituci\u00f3n, que se aprob\u00f3 el \u00faltimo jueves, indican que \u201clos parlamentarios no pueden ser reelegidos para un nuevo periodo, de manera inmediata en el mismo cargo\u201d.<\/p>\n<p>Desde la \u00f3ptica del presidente de la Rep\u00fablica,\u00a0Mart\u00edn Vizcarra,la no reelecci\u00f3n de congresistas es v\u00e1lida para todos los que ejercen actualmente. \u201cSi se da la bicameralidad, los congresistas van a ser diputados o senadores (&#8230;) Va a ser para este proceso electoral (del 2021) y no el siguiente. Ha cambiado el t\u00e9rmino de congresista a parlamentario para englobar a todos\u201d, sostuvo. En esa l\u00ednea, se\u00f1al\u00f3 que la Comisi\u00f3n de Reforma Judicial, que dirige Allan Wagner, ha emitido un informe respecto a la norma aprobada.<\/p>\n<p>Entre tanto, diversos legisladores discreparon de la opini\u00f3n de Vizcarra e indicaron que estar\u00edan dispuestos a reelegirse, postulando al Senado en el 2021.Cabe recordar que la ley aprobada establece que un diputado est\u00e1 habilitado para postular al Senado en el siguiente periodo.\u00a0 Al respecto, el fujimorista Segundo Tapia\u00a0sostuvo que el Parlamento ha aprobado la modificaci\u00f3n constitucional de la no reelecci\u00f3n de congresistas, bajo los mismos argumentos que el Ejecutivo.<\/p>\n<p>Yonhy Lescano\u00a0(AP) coincidi\u00f3 con Tapia e indic\u00f3 que el proyecto de ley del Gobierno planteaba que los diputados pod\u00edan ser elegidos senadores, a fin de que en el Senado haya gente con experiencia. \u201cPara diputado no estar\u00eda permitido, pero para senador s\u00ed\u201d, acot\u00f3.\u00a0El legislador\u00a0Alberto Quintanilla(Nuevo Per\u00fa) se\u00f1al\u00f3 que la prohibici\u00f3n debi\u00f3 ser expl\u00edcita y que la norma del Ejecutivo deja abierta la duda sobre la reelecci\u00f3n, lo que deber\u00e1 ser resuelto por el JNE. \u201cNo es totalmente expl\u00edcito como debi\u00f3 ser\u201d, indic\u00f3.<\/p>\n<p>Los legisladores del Apra y Alianza para el Progreso,\u00a0Javier Vel\u00e1squez Quesqu\u00e9n\u00a0y\u00a0Marisol Espinoza, coincidieron en sostener que no existe posibilidad de que los actuales congresistas puedan postular en las elecciones generales del 2021, tras la aprobaci\u00f3n del proyecto de ley de no reelecci\u00f3n parlamentaria.\u00a0Vel\u00e1squez Quesqu\u00e9n\u00a0consider\u00f3 que existe una mala interpretaci\u00f3n de sus colegas como<strong>\u00a0Segundo Tapia<\/strong>\u00a0de los planteamientos que recibieron del Ejecutivo con respecto al tema.<\/p>\n<p>&nbsp;<\/p>\n","protected":false},"excerpt":{"rendered":"<div class=\"mh-excerpt\"><p>La aprobaci\u00f3n de la reforma constitucional sobre la\u00a0no reelecci\u00f3n inmediata\u00a0de congresistas ha generado una divergencia en su interpretaci\u00f3n entre integrantes del Ejecutivo y el Legislativo. <a class=\"mh-excerpt-more\" href=\"http:\/\/www.radiolibertadmundo.com\/web\/congresistas-enfrentados-por-la-no-reeleccion-parlamentaria\/\" title=\"Congresistas enfrentados por la no reelecci\u00f3n parlamentaria\">[&#8230;]<\/a><\/p>\n<\/div>","protected":false},"author":1,"featured_media":17709,"comment_status":"open","ping_status":"open","sticky":false,"template":"","format":"gallery","meta":{"footnotes":""},"categories":[3],"tags":[],"class_list":["post-17708","post","type-post","status-publish","format-gallery","has-post-thumbnail","hentry","category-noticias","post_format-post-format-gallery"],"_links":{"self":[{"href":"http:\/\/www.radiolibertadmundo.com\/web\/wp-json\/wp\/v2\/posts\/17708","targetHints":{"allow":["GET"]}}],"collection":[{"href":"http:\/\/www.radiolibertadmundo.com\/web\/wp-json\/wp\/v2\/posts"}],"about":[{"href":"http:\/\/www.radiolibertadmundo.com\/web\/wp-json\/wp\/v2\/types\/post"}],"author":[{"embeddable":true,"href":"http:\/\/www.radiolibertadmundo.com\/web\/wp-json\/wp\/v2\/users\/1"}],"replies":[{"embeddable":true,"href":"http:\/\/www.radiolibertadmundo.com\/web\/wp-json\/wp\/v2\/comments?post=17708"}],"version-history":[{"count":2,"href":"http:\/\/www.radiolibertadmundo.com\/web\/wp-json\/wp\/v2\/posts\/17708\/revisions"}],"predecessor-version":[{"id":17711,"href":"http:\/\/www.radiolibertadmundo.com\/web\/wp-json\/wp\/v2\/posts\/17708\/revisions\/17711"}],"wp:featuredmedia":[{"embeddable":true,"href":"http:\/\/www.radiolibertadmundo.com\/web\/wp-json\/wp\/v2\/media\/17709"}],"wp:attachment":[{"href":"http:\/\/www.radiolibertadmundo.com\/web\/wp-json\/wp\/v2\/media?parent=17708"}],"wp:term":[{"taxonomy":"category","embeddable":true,"href":"http:\/\/www.radiolibertadmundo.com\/web\/wp-json\/wp\/v2\/categories?post=17708"},{"taxonomy":"post_tag","embeddable":true,"href":"http:\/\/www.radiolibertadmundo.com\/web\/wp-json\/wp\/v2\/tags?post=17708"}],"curies":[{"name":"wp","href":"https:\/\/api.w.org\/{rel}","templated":true}]}}