{"id":17700,"date":"2018-10-05T16:35:42","date_gmt":"2018-10-05T16:35:42","guid":{"rendered":"http:\/\/www.radiolibertadmundo.com\/web\/?p=17700"},"modified":"2018-10-05T16:35:42","modified_gmt":"2018-10-05T16:35:42","slug":"despiste-de-camion-a-abismo-deja-24-heridos-en-otuzco","status":"publish","type":"post","link":"http:\/\/www.radiolibertadmundo.com\/web\/despiste-de-camion-a-abismo-deja-24-heridos-en-otuzco\/","title":{"rendered":"Despiste de cami\u00f3n a abismo deja 24 heridos en Otuzco"},"content":{"rendered":"<p><a href=\"http:\/\/www.radiolibertadmundo.com\/web\/despiste-de-camion-a-abismo-deja-24-heridos-en-otuzco\/despiste-de-camion-a-abismo-deja-24-heridos-en-o-845780-548713-jpg_604x0\/\" rel=\"attachment wp-att-17701\"><img loading=\"lazy\" decoding=\"async\" class=\"alignnone  wp-image-17701\" src=\"http:\/\/www.radiolibertadmundo.com\/web\/wp-content\/uploads\/despiste-de-camion-a-abismo-deja-24-heridos-en-o-845780-548713-jpg_604x0.jpg\" alt=\"\" width=\"577\" height=\"325\" \/><\/a><\/p>\n<p>Un nuevo accidente de tr\u00e1nsito se registr\u00f3 en la serran\u00eda de La Libertad y dej\u00f3 como saldo 24 heridos. En esta ocasi\u00f3n un cami\u00f3n cay\u00f3 a un abismo a la altura del centro poblado de Huangamarca, en la provincia de\u00a0Otuzco.\u00a0El cami\u00f3n de placa de rodaje T4Z-801 llevaba 24 personas y regresaban de un mitin de Alianza Para el Progreso. A la altura de Huangamarca termin\u00f3 cayendo a un abismo.\u00a0Los heridos fueron auxiliados y conducidos al Hospital de Apoyo de\u00a0<strong>Otuzco<\/strong>.<\/p>\n<p>Lista de heridos:<\/p>\n<p>Susi Mendoza Argomedo (29)<br \/>\nFrani Daniel Solano Mendoza (11)<br \/>\nWilmer Zarate Zavaleta<br \/>\nLiliana Argomedo Rodr\u00edguez (35)<br \/>\nJes\u00fas Rodr\u00edguez Horna (48)<br \/>\nNelly Guti\u00e9rrez Argomedo (56)<br \/>\nWilly Solano Rodr\u00edguez (37)<br \/>\nGlider Floreano Cruz (29)<br \/>\nAlexander Floreano Cruz (17)<br \/>\nAlonso Cruz Mendoza (8)<br \/>\nAlejandrino Rodr\u00edguez Aguirre (43)<br \/>\nDilmer Pelaez Guti\u00e9rrez (27)<br \/>\nKeiko Laura Rodriguez Mereguildo (22)<br \/>\nNaldi Seleni Floriano Rodr\u00edguez (3)<br \/>\nWilliam Solano Obeso (43)<br \/>\nWalter Argomedo Floriano (62)<br \/>\nIna Rodriguez Monzon (52)<br \/>\nKelly Floriano Cruz (21)<br \/>\nManuel Argomedo Rodr\u00edguez (47)<br \/>\nJoel Cruz Vidal (36)<br \/>\nNilan Cruz Mendoza (3)<br \/>\nIn\u00e9s Mendoza Floreano<br \/>\nFeliciana Obeso Rodriguez<br \/>\nDeivis Brayan Argomedo Rodr\u00edguez<\/p>\n","protected":false},"excerpt":{"rendered":"<div class=\"mh-excerpt\"><p>Un nuevo accidente de tr\u00e1nsito se registr\u00f3 en la serran\u00eda de La Libertad y dej\u00f3 como saldo 24 heridos. En esta ocasi\u00f3n un cami\u00f3n cay\u00f3 <a class=\"mh-excerpt-more\" href=\"http:\/\/www.radiolibertadmundo.com\/web\/despiste-de-camion-a-abismo-deja-24-heridos-en-otuzco\/\" title=\"Despiste de cami\u00f3n a abismo deja 24 heridos en Otuzco\">[&#8230;]<\/a><\/p>\n<\/div>","protected":false},"author":1,"featured_media":17701,"comment_status":"open","ping_status":"open","sticky":false,"template":"","format":"gallery","meta":{"footnotes":""},"categories":[3],"tags":[],"class_list":["post-17700","post","type-post","status-publish","format-gallery","has-post-thumbnail","hentry","category-noticias","post_format-post-format-gallery"],"_links":{"self":[{"href":"http:\/\/www.radiolibertadmundo.com\/web\/wp-json\/wp\/v2\/posts\/17700","targetHints":{"allow":["GET"]}}],"collection":[{"href":"http:\/\/www.radiolibertadmundo.com\/web\/wp-json\/wp\/v2\/posts"}],"about":[{"href":"http:\/\/www.radiolibertadmundo.com\/web\/wp-json\/wp\/v2\/types\/post"}],"author":[{"embeddable":true,"href":"http:\/\/www.radiolibertadmundo.com\/web\/wp-json\/wp\/v2\/users\/1"}],"replies":[{"embeddable":true,"href":"http:\/\/www.radiolibertadmundo.com\/web\/wp-json\/wp\/v2\/comments?post=17700"}],"version-history":[{"count":2,"href":"http:\/\/www.radiolibertadmundo.com\/web\/wp-json\/wp\/v2\/posts\/17700\/revisions"}],"predecessor-version":[{"id":17703,"href":"http:\/\/www.radiolibertadmundo.com\/web\/wp-json\/wp\/v2\/posts\/17700\/revisions\/17703"}],"wp:featuredmedia":[{"embeddable":true,"href":"http:\/\/www.radiolibertadmundo.com\/web\/wp-json\/wp\/v2\/media\/17701"}],"wp:attachment":[{"href":"http:\/\/www.radiolibertadmundo.com\/web\/wp-json\/wp\/v2\/media?parent=17700"}],"wp:term":[{"taxonomy":"category","embeddable":true,"href":"http:\/\/www.radiolibertadmundo.com\/web\/wp-json\/wp\/v2\/categories?post=17700"},{"taxonomy":"post_tag","embeddable":true,"href":"http:\/\/www.radiolibertadmundo.com\/web\/wp-json\/wp\/v2\/tags?post=17700"}],"curies":[{"name":"wp","href":"https:\/\/api.w.org\/{rel}","templated":true}]}}