{"id":17689,"date":"2018-10-05T16:23:42","date_gmt":"2018-10-05T16:23:42","guid":{"rendered":"http:\/\/www.radiolibertadmundo.com\/web\/?p=17689"},"modified":"2018-10-05T16:23:43","modified_gmt":"2018-10-05T16:23:43","slug":"ley-seca-entrara-en-vigencia-desde-manana-hasta-el-lunes","status":"publish","type":"post","link":"http:\/\/www.radiolibertadmundo.com\/web\/ley-seca-entrara-en-vigencia-desde-manana-hasta-el-lunes\/","title":{"rendered":"Ley Seca entrar\u00e1 en vigencia desde ma\u00f1ana hasta el lunes"},"content":{"rendered":"<p><a href=\"http:\/\/www.radiolibertadmundo.com\/web\/ley-seca-entrara-en-vigencia-desde-manana-hasta-el-lunes\/5bad613dc01ad\/\" rel=\"attachment wp-att-17690\"><img loading=\"lazy\" decoding=\"async\" class=\"alignnone  wp-image-17690\" src=\"http:\/\/www.radiolibertadmundo.com\/web\/wp-content\/uploads\/5bad613dc01ad.jpeg\" alt=\"\" width=\"583\" height=\"335\" \/><\/a><\/p>\n<p>Para\u00a0prever el adecuado funcionamiento de las\u00a0Elecciones Municipales y Regionales 2018, desde ma\u00f1ana\u00a0s\u00e1bado a las 8 de la ma\u00f1ana\u00a0comenzar\u00e1 a regir en todo el territorio nacional, la\u00a0Ley Seca.\u00a0La norma, que se enmarca en los art\u00edculos\u00a0351 y 390 de la Ley Org\u00e1nica de Elecciones\u00a0(Ley N.\u00b0 26859), entrar\u00e1 en vigor\u00a024 horas antes de los comicios, por lo que en dicho periodo no se podr\u00e1n comprar bebidas alcoh\u00f3licas.<\/p>\n<p>La medida durar\u00e1 hasta el pr\u00f3ximo 8 de octubre (lunes), hasta las 8 de la ma\u00f1ana, exactamente\u00a048 horas sin alcohol. Cabe recordar que la prohibici\u00f3n de la venta de bebidas alcoh\u00f3licas implica tambi\u00e9n la\u00a0sanci\u00f3n en caso se descubra alg\u00fan expendio de dichas bebidas antes, durante y despu\u00e9s de los comicios.\u00a0 La restricci\u00f3n alcanza a restaurantes, bares, tiendas, autoservicios, supermercados e, incluso, los comercios ambulatorios. Adem\u00e1s, los establecimientos que exclusivamente venden licores deber\u00e1n permanecer cerrados.<\/p>\n<p>Este domingo\u00a07 de octubre se llevar\u00e1n a cabo en todo el Per\u00fa las elecciones\u00a0para determinar qui\u00e9nes ser\u00e1n las siguientes autoridades en todos los distritos y regiones del Per\u00fa. La jornada, cabe precisar, comenzar\u00e1 a primera hora del domingo y concluir\u00e1 a las 4 de la tarde en promedio.<\/p>\n","protected":false},"excerpt":{"rendered":"<div class=\"mh-excerpt\"><p>Para\u00a0prever el adecuado funcionamiento de las\u00a0Elecciones Municipales y Regionales 2018, desde ma\u00f1ana\u00a0s\u00e1bado a las 8 de la ma\u00f1ana\u00a0comenzar\u00e1 a regir en todo el territorio nacional, <a class=\"mh-excerpt-more\" href=\"http:\/\/www.radiolibertadmundo.com\/web\/ley-seca-entrara-en-vigencia-desde-manana-hasta-el-lunes\/\" title=\"Ley Seca entrar\u00e1 en vigencia desde ma\u00f1ana hasta el lunes\">[&#8230;]<\/a><\/p>\n<\/div>","protected":false},"author":1,"featured_media":17690,"comment_status":"open","ping_status":"open","sticky":false,"template":"","format":"gallery","meta":{"footnotes":""},"categories":[3],"tags":[],"class_list":["post-17689","post","type-post","status-publish","format-gallery","has-post-thumbnail","hentry","category-noticias","post_format-post-format-gallery"],"_links":{"self":[{"href":"http:\/\/www.radiolibertadmundo.com\/web\/wp-json\/wp\/v2\/posts\/17689","targetHints":{"allow":["GET"]}}],"collection":[{"href":"http:\/\/www.radiolibertadmundo.com\/web\/wp-json\/wp\/v2\/posts"}],"about":[{"href":"http:\/\/www.radiolibertadmundo.com\/web\/wp-json\/wp\/v2\/types\/post"}],"author":[{"embeddable":true,"href":"http:\/\/www.radiolibertadmundo.com\/web\/wp-json\/wp\/v2\/users\/1"}],"replies":[{"embeddable":true,"href":"http:\/\/www.radiolibertadmundo.com\/web\/wp-json\/wp\/v2\/comments?post=17689"}],"version-history":[{"count":2,"href":"http:\/\/www.radiolibertadmundo.com\/web\/wp-json\/wp\/v2\/posts\/17689\/revisions"}],"predecessor-version":[{"id":17692,"href":"http:\/\/www.radiolibertadmundo.com\/web\/wp-json\/wp\/v2\/posts\/17689\/revisions\/17692"}],"wp:featuredmedia":[{"embeddable":true,"href":"http:\/\/www.radiolibertadmundo.com\/web\/wp-json\/wp\/v2\/media\/17690"}],"wp:attachment":[{"href":"http:\/\/www.radiolibertadmundo.com\/web\/wp-json\/wp\/v2\/media?parent=17689"}],"wp:term":[{"taxonomy":"category","embeddable":true,"href":"http:\/\/www.radiolibertadmundo.com\/web\/wp-json\/wp\/v2\/categories?post=17689"},{"taxonomy":"post_tag","embeddable":true,"href":"http:\/\/www.radiolibertadmundo.com\/web\/wp-json\/wp\/v2\/tags?post=17689"}],"curies":[{"name":"wp","href":"https:\/\/api.w.org\/{rel}","templated":true}]}}