{"id":17685,"date":"2018-10-05T16:19:49","date_gmt":"2018-10-05T16:19:49","guid":{"rendered":"http:\/\/www.radiolibertadmundo.com\/web\/?p=17685"},"modified":"2018-10-05T16:19:49","modified_gmt":"2018-10-05T16:19:49","slug":"vizcarra-asi-como-respete-cuando-se-dio-el-indulto-corresponde-respetar-su-anulacion","status":"publish","type":"post","link":"http:\/\/www.radiolibertadmundo.com\/web\/vizcarra-asi-como-respete-cuando-se-dio-el-indulto-corresponde-respetar-su-anulacion\/","title":{"rendered":"Vizcarra: \u00abAs\u00ed como respet\u00e9 cuando se dio el indulto, corresponde respetar su anulaci\u00f3n\u00bb"},"content":{"rendered":"<p><a href=\"http:\/\/www.radiolibertadmundo.com\/web\/vizcarra-asi-como-respete-cuando-se-dio-el-indulto-corresponde-respetar-su-anulacion\/attachment\/1538712205038\/\" rel=\"attachment wp-att-17686\"><img loading=\"lazy\" decoding=\"async\" class=\"alignnone  wp-image-17686\" src=\"http:\/\/www.radiolibertadmundo.com\/web\/wp-content\/uploads\/1538712205038.jpg\" alt=\"\" width=\"565\" height=\"352\" srcset=\"http:\/\/www.radiolibertadmundo.com\/web\/wp-content\/uploads\/1538712205038.jpg 1200w, http:\/\/www.radiolibertadmundo.com\/web\/wp-content\/uploads\/1538712205038-415x260.jpg 415w\" sizes=\"auto, (max-width: 565px) 100vw, 565px\" \/><\/a><\/p>\n<p>Martin Vizcarra habl\u00f3 por primera vez sobre la anulaci\u00f3n del indulto a Fujimori. \u00abYo era vicepresidente y respet\u00e9 esa decisi\u00f3n, que hizo en uso de sus atribuciones. Han pasado nueve meses y ahora el Poder Judicial toma la decisi\u00f3n de dejarlo sin efecto.Corresponde, as\u00ed como se respet\u00f3 cuando se otorg\u00f3 el indulto, respetar ahora\u00bb, afirm\u00f3. Vizcarra declin\u00f3 responder sobre si otorgar\u00eda un nuevo indulto a Fujimori, tal y como este pareci\u00f3 pedir en un video que difundi\u00f3 en sus redes sociales, y apunt\u00f3 que\u00a0existen otras posibilidades para lograr la libertad del anciano pol\u00edtico, preso por delitos de lesa humanidad.<\/p>\n<p>\u00abLa salida puede llegar\u00a0con una resoluci\u00f3n de segunda instancia o con un proyecto de ley que ya ha sido presentado\u00a0para que personas en las mismas condiciones que Fujimori, de avanzada edad, puedan pasar a prisi\u00f3n domiciliaria, y eso corresponde al Congreso\u00bb, apunt\u00f3 Vizcarra.<\/p>\n<p>El presidente se refiri\u00f3 as\u00ed al proyecto de ley que hoy presentaron varios congresistas vinculados a\u00a0Kenji Fujimori, y que cont\u00f3 con el respaldo expl\u00edcito de\u00a0Keiko Fujimori, l\u00edder del partido Fuerza Popular mayoritario en el Parlamento, para otorgar la libertad anticipada a los presos mayores de 80 a\u00f1os. Con los votos de Fuerza Popular\u00a0fue desestimado en mayo de 2017 un proyecto de ley para otorgar arresto domiciliario a los presos mayores de 75 a\u00f1os, una iniciativa que era bien vista por Kenji Fujimori pero que fue rechazada por su hermana en ese momento.<\/p>\n<p>&nbsp;<\/p>\n","protected":false},"excerpt":{"rendered":"<div class=\"mh-excerpt\"><p>Martin Vizcarra habl\u00f3 por primera vez sobre la anulaci\u00f3n del indulto a Fujimori. \u00abYo era vicepresidente y respet\u00e9 esa decisi\u00f3n, que hizo en uso de <a class=\"mh-excerpt-more\" href=\"http:\/\/www.radiolibertadmundo.com\/web\/vizcarra-asi-como-respete-cuando-se-dio-el-indulto-corresponde-respetar-su-anulacion\/\" title=\"Vizcarra: \u00abAs\u00ed como respet\u00e9 cuando se dio el indulto, corresponde respetar su anulaci\u00f3n\u00bb\">[&#8230;]<\/a><\/p>\n<\/div>","protected":false},"author":1,"featured_media":17686,"comment_status":"open","ping_status":"open","sticky":false,"template":"","format":"gallery","meta":{"footnotes":""},"categories":[3],"tags":[],"class_list":["post-17685","post","type-post","status-publish","format-gallery","has-post-thumbnail","hentry","category-noticias","post_format-post-format-gallery"],"_links":{"self":[{"href":"http:\/\/www.radiolibertadmundo.com\/web\/wp-json\/wp\/v2\/posts\/17685","targetHints":{"allow":["GET"]}}],"collection":[{"href":"http:\/\/www.radiolibertadmundo.com\/web\/wp-json\/wp\/v2\/posts"}],"about":[{"href":"http:\/\/www.radiolibertadmundo.com\/web\/wp-json\/wp\/v2\/types\/post"}],"author":[{"embeddable":true,"href":"http:\/\/www.radiolibertadmundo.com\/web\/wp-json\/wp\/v2\/users\/1"}],"replies":[{"embeddable":true,"href":"http:\/\/www.radiolibertadmundo.com\/web\/wp-json\/wp\/v2\/comments?post=17685"}],"version-history":[{"count":2,"href":"http:\/\/www.radiolibertadmundo.com\/web\/wp-json\/wp\/v2\/posts\/17685\/revisions"}],"predecessor-version":[{"id":17688,"href":"http:\/\/www.radiolibertadmundo.com\/web\/wp-json\/wp\/v2\/posts\/17685\/revisions\/17688"}],"wp:featuredmedia":[{"embeddable":true,"href":"http:\/\/www.radiolibertadmundo.com\/web\/wp-json\/wp\/v2\/media\/17686"}],"wp:attachment":[{"href":"http:\/\/www.radiolibertadmundo.com\/web\/wp-json\/wp\/v2\/media?parent=17685"}],"wp:term":[{"taxonomy":"category","embeddable":true,"href":"http:\/\/www.radiolibertadmundo.com\/web\/wp-json\/wp\/v2\/categories?post=17685"},{"taxonomy":"post_tag","embeddable":true,"href":"http:\/\/www.radiolibertadmundo.com\/web\/wp-json\/wp\/v2\/tags?post=17685"}],"curies":[{"name":"wp","href":"https:\/\/api.w.org\/{rel}","templated":true}]}}