{"id":17680,"date":"2018-10-04T16:40:40","date_gmt":"2018-10-04T16:40:40","guid":{"rendered":"http:\/\/www.radiolibertadmundo.com\/web\/?p=17680"},"modified":"2018-10-04T16:40:40","modified_gmt":"2018-10-04T16:40:40","slug":"seis-pasajeros-heridos-tras-el-choque-de-un-taxi-contra-un-colectivo","status":"publish","type":"post","link":"http:\/\/www.radiolibertadmundo.com\/web\/seis-pasajeros-heridos-tras-el-choque-de-un-taxi-contra-un-colectivo\/","title":{"rendered":"Seis pasajeros heridos tras el choque de un taxi contra un colectivo"},"content":{"rendered":"<p><a href=\"http:\/\/www.radiolibertadmundo.com\/web\/seis-pasajeros-heridos-tras-el-choque-de-un-taxi-contra-un-colectivo\/seis-pasajeros-heridos-tras-el-choque-de-un-taxi-845539-203413-jpg_604x0\/\" rel=\"attachment wp-att-17681\"><img loading=\"lazy\" decoding=\"async\" class=\"alignnone  wp-image-17681\" src=\"http:\/\/www.radiolibertadmundo.com\/web\/wp-content\/uploads\/seis-pasajeros-heridos-tras-el-choque-de-un-taxi-845539-203413-jpg_604x0.jpg\" alt=\"\" width=\"568\" height=\"320\" \/><\/a><\/p>\n<p>Seis pasajeros, entre ellos un menor de edad, resultaron con lesiones de consideraci\u00f3n tras el choque de un taxi contra un colectivo, en la urbanizaci\u00f3n Primavera, en\u00a0Trujillo.\u00a0El accidente se registr\u00f3 la tarde de ayer, cuando el taxi de placa T4C-071 impact\u00f3 contra la parte trasera del colectivo de matr\u00edcula V1C-634, cuando transitaban por la cuadra 8 de la avenida Nicol\u00e1s de Pi\u00e9rola.<\/p>\n<p>Debido a la violenta colisi\u00f3n, los pasajeros de ambos veh\u00edculos, entre ellos un ni\u00f1o de cinco a\u00f1os de edad, resultaron con policontusiones, por lo que fueron evacuados al hospital Regional para su atenci\u00f3n m\u00e9dica. Mientras que los choferes y sus respectivos veh\u00edculos fueron trasladados a la comisar\u00eda El Alambre.<\/p>\n","protected":false},"excerpt":{"rendered":"<div class=\"mh-excerpt\"><p>Seis pasajeros, entre ellos un menor de edad, resultaron con lesiones de consideraci\u00f3n tras el choque de un taxi contra un colectivo, en la urbanizaci\u00f3n <a class=\"mh-excerpt-more\" href=\"http:\/\/www.radiolibertadmundo.com\/web\/seis-pasajeros-heridos-tras-el-choque-de-un-taxi-contra-un-colectivo\/\" title=\"Seis pasajeros heridos tras el choque de un taxi contra un colectivo\">[&#8230;]<\/a><\/p>\n<\/div>","protected":false},"author":1,"featured_media":17681,"comment_status":"open","ping_status":"open","sticky":false,"template":"","format":"gallery","meta":{"footnotes":""},"categories":[3],"tags":[],"class_list":["post-17680","post","type-post","status-publish","format-gallery","has-post-thumbnail","hentry","category-noticias","post_format-post-format-gallery"],"_links":{"self":[{"href":"http:\/\/www.radiolibertadmundo.com\/web\/wp-json\/wp\/v2\/posts\/17680","targetHints":{"allow":["GET"]}}],"collection":[{"href":"http:\/\/www.radiolibertadmundo.com\/web\/wp-json\/wp\/v2\/posts"}],"about":[{"href":"http:\/\/www.radiolibertadmundo.com\/web\/wp-json\/wp\/v2\/types\/post"}],"author":[{"embeddable":true,"href":"http:\/\/www.radiolibertadmundo.com\/web\/wp-json\/wp\/v2\/users\/1"}],"replies":[{"embeddable":true,"href":"http:\/\/www.radiolibertadmundo.com\/web\/wp-json\/wp\/v2\/comments?post=17680"}],"version-history":[{"count":2,"href":"http:\/\/www.radiolibertadmundo.com\/web\/wp-json\/wp\/v2\/posts\/17680\/revisions"}],"predecessor-version":[{"id":17683,"href":"http:\/\/www.radiolibertadmundo.com\/web\/wp-json\/wp\/v2\/posts\/17680\/revisions\/17683"}],"wp:featuredmedia":[{"embeddable":true,"href":"http:\/\/www.radiolibertadmundo.com\/web\/wp-json\/wp\/v2\/media\/17681"}],"wp:attachment":[{"href":"http:\/\/www.radiolibertadmundo.com\/web\/wp-json\/wp\/v2\/media?parent=17680"}],"wp:term":[{"taxonomy":"category","embeddable":true,"href":"http:\/\/www.radiolibertadmundo.com\/web\/wp-json\/wp\/v2\/categories?post=17680"},{"taxonomy":"post_tag","embeddable":true,"href":"http:\/\/www.radiolibertadmundo.com\/web\/wp-json\/wp\/v2\/tags?post=17680"}],"curies":[{"name":"wp","href":"https:\/\/api.w.org\/{rel}","templated":true}]}}