{"id":17676,"date":"2018-10-04T16:33:44","date_gmt":"2018-10-04T16:33:44","guid":{"rendered":"http:\/\/www.radiolibertadmundo.com\/web\/?p=17676"},"modified":"2018-10-04T16:33:44","modified_gmt":"2018-10-04T16:33:44","slug":"fiscalia-realizo-campana-de-atencion-y-dono-ropa-contra-friaje","status":"publish","type":"post","link":"http:\/\/www.radiolibertadmundo.com\/web\/fiscalia-realizo-campana-de-atencion-y-dono-ropa-contra-friaje\/","title":{"rendered":"Fiscal\u00eda realiz\u00f3 campa\u00f1a de atenci\u00f3n y don\u00f3 ropa contra friaje"},"content":{"rendered":"<p><a href=\"http:\/\/www.radiolibertadmundo.com\/web\/fiscalia-realizo-campana-de-atencion-y-dono-ropa-contra-friaje\/fiscalia-realizo-campana-de-atencion-y-dono-ropa-845588-689722-jpg_604x0\/\" rel=\"attachment wp-att-17677\"><img loading=\"lazy\" decoding=\"async\" class=\"alignnone  wp-image-17677\" src=\"http:\/\/www.radiolibertadmundo.com\/web\/wp-content\/uploads\/fiscalia-realizo-campana-de-atencion-y-dono-ropa-845588-689722-jpg_604x0.jpg\" alt=\"\" width=\"587\" height=\"330\" \/><\/a><\/p>\n<p>La Fiscal\u00eda Superior Mixta y Fiscal\u00eda Provincial Mixta Corporativa de S\u00e1nchez Carri\u00f3n realiz\u00f3 la campa\u00f1a integral de atenci\u00f3n y don\u00f3 ropa contra friaje en el caser\u00edo \u00abDos de Mayo\u00bb en el distrito de\u00a0Chugay.\u00a0En esta campa\u00f1a participaron escolares del nivel inicial y primera de la I. E. N\u00b0 80592. Celia Esther Goicochea Ruiz, presidenta de la Junta de Fiscales Superiores del Distrito Fiscal de\u00a0La Libertad, indic\u00f3 que este tipo de actividades permite el acercamiento y la participaci\u00f3n directa del Estado hacia los pobladores.<\/p>\n<p>Tambi\u00e9n resalt\u00f3\u00a0que una parte de estas donaciones de ropa son destinados a los ni\u00f1os de la I.E. N\u00b0 80592, del caser\u00edo \u201cDos de Mayo\u201d, provienen de bienes incautados cuyo destino final son las instituciones sin fines de lucro. La otra parte de la donaci\u00f3n es producto de la solidaridad y desprendimiento de los fiscales de Trujillo y\u00a0<strong>Huamachuco<\/strong>.<\/p>\n","protected":false},"excerpt":{"rendered":"<div class=\"mh-excerpt\"><p>La Fiscal\u00eda Superior Mixta y Fiscal\u00eda Provincial Mixta Corporativa de S\u00e1nchez Carri\u00f3n realiz\u00f3 la campa\u00f1a integral de atenci\u00f3n y don\u00f3 ropa contra friaje en el <a class=\"mh-excerpt-more\" href=\"http:\/\/www.radiolibertadmundo.com\/web\/fiscalia-realizo-campana-de-atencion-y-dono-ropa-contra-friaje\/\" title=\"Fiscal\u00eda realiz\u00f3 campa\u00f1a de atenci\u00f3n y don\u00f3 ropa contra friaje\">[&#8230;]<\/a><\/p>\n<\/div>","protected":false},"author":1,"featured_media":17677,"comment_status":"open","ping_status":"open","sticky":false,"template":"","format":"gallery","meta":{"footnotes":""},"categories":[3],"tags":[],"class_list":["post-17676","post","type-post","status-publish","format-gallery","has-post-thumbnail","hentry","category-noticias","post_format-post-format-gallery"],"_links":{"self":[{"href":"http:\/\/www.radiolibertadmundo.com\/web\/wp-json\/wp\/v2\/posts\/17676","targetHints":{"allow":["GET"]}}],"collection":[{"href":"http:\/\/www.radiolibertadmundo.com\/web\/wp-json\/wp\/v2\/posts"}],"about":[{"href":"http:\/\/www.radiolibertadmundo.com\/web\/wp-json\/wp\/v2\/types\/post"}],"author":[{"embeddable":true,"href":"http:\/\/www.radiolibertadmundo.com\/web\/wp-json\/wp\/v2\/users\/1"}],"replies":[{"embeddable":true,"href":"http:\/\/www.radiolibertadmundo.com\/web\/wp-json\/wp\/v2\/comments?post=17676"}],"version-history":[{"count":2,"href":"http:\/\/www.radiolibertadmundo.com\/web\/wp-json\/wp\/v2\/posts\/17676\/revisions"}],"predecessor-version":[{"id":17679,"href":"http:\/\/www.radiolibertadmundo.com\/web\/wp-json\/wp\/v2\/posts\/17676\/revisions\/17679"}],"wp:featuredmedia":[{"embeddable":true,"href":"http:\/\/www.radiolibertadmundo.com\/web\/wp-json\/wp\/v2\/media\/17677"}],"wp:attachment":[{"href":"http:\/\/www.radiolibertadmundo.com\/web\/wp-json\/wp\/v2\/media?parent=17676"}],"wp:term":[{"taxonomy":"category","embeddable":true,"href":"http:\/\/www.radiolibertadmundo.com\/web\/wp-json\/wp\/v2\/categories?post=17676"},{"taxonomy":"post_tag","embeddable":true,"href":"http:\/\/www.radiolibertadmundo.com\/web\/wp-json\/wp\/v2\/tags?post=17676"}],"curies":[{"name":"wp","href":"https:\/\/api.w.org\/{rel}","templated":true}]}}