{"id":17672,"date":"2018-10-04T16:32:10","date_gmt":"2018-10-04T16:32:10","guid":{"rendered":"http:\/\/www.radiolibertadmundo.com\/web\/?p=17672"},"modified":"2018-10-04T16:32:11","modified_gmt":"2018-10-04T16:32:11","slug":"araoz-y-bruce-son-citados-por-la-fiscalia-por-presunta-compra-de-votos-a-favor-de-ppk","status":"publish","type":"post","link":"http:\/\/www.radiolibertadmundo.com\/web\/araoz-y-bruce-son-citados-por-la-fiscalia-por-presunta-compra-de-votos-a-favor-de-ppk\/","title":{"rendered":"Ar\u00e1oz y Bruce son citados por la Fiscal\u00eda por presunta compra de votos a favor de PPK"},"content":{"rendered":"<p><a href=\"http:\/\/www.radiolibertadmundo.com\/web\/araoz-y-bruce-son-citados-por-la-fiscalia-por-presunta-compra-de-votos-a-favor-de-ppk\/araoz-y-bruce-son-citados-por-la-fiscalia-por-845616-714876-jpg_604x0\/\" rel=\"attachment wp-att-17673\"><img loading=\"lazy\" decoding=\"async\" class=\"alignnone  wp-image-17673\" src=\"http:\/\/www.radiolibertadmundo.com\/web\/wp-content\/uploads\/araoz-y-bruce-son-citados-por-la-fiscalia-por-845616-714876-jpg_604x0.jpg\" alt=\"\" width=\"583\" height=\"358\" \/><\/a><\/p>\n<p>El fiscal de la Naci\u00f3n,\u00a0Pedro Ch\u00e1varry, cit\u00f3 para el mi\u00e9rcoles 10 de octubre a la vicepresidenta\u00a0Mercedes Ar\u00e1oz\u00a0y al legislador oficialista\u00a0Carlos Bruce, para que ofrezcan sus descargos por la\u00a0presunta compra de votos\u00a0en el Congreso durante el proceso de vacancia al expresidente\u00a0Pedro Pablo Kuczynski. Seg\u00fan el oficio,\u00a0Ar\u00e1oz\u00a0debe rendir su manifestaci\u00f3n a las 9:30 a.m. en el lugar que ella elija para el desarrollo de la diligencia, en virtud a su investidura.El titular de la Fiscal\u00eda sospecha que Ar\u00e1oz habr\u00eda incurrido en cohecho activo gen\u00e9rico, pasivo impropio, tr\u00e1fico de influencias, adem\u00e1s de ser vinculada a una organizaci\u00f3n criminal.<\/p>\n<p><em>\u201cLa forma en que ha sido redactada demuestra que se desconoce las f\u00f3rmulas b\u00e1sicas que tiene la Fiscal\u00eda para plantear una citaci\u00f3n y le falta el respeto a la figura de la Vicepresidencia de la Rep\u00fablica\u201d,<\/em>\u00a0precis\u00f3.\u00a0Bruce, por su parte, adelant\u00f3 que no acudir\u00e1 a la convocatoria fiscal, pues considera que no cumple con los requisitos de ley.De otra parte, respecto del caso del exmandatario Kuczynski, el colegiado A de la Sala Penal de Apelaciones del Sistema Especializado Anticorrupci\u00f3n confirm\u00f3 el congelamiento de sus acciones y derechos de su domicilio en la calle Choquehuanca en San Isidro.<\/p>\n","protected":false},"excerpt":{"rendered":"<div class=\"mh-excerpt\"><p>El fiscal de la Naci\u00f3n,\u00a0Pedro Ch\u00e1varry, cit\u00f3 para el mi\u00e9rcoles 10 de octubre a la vicepresidenta\u00a0Mercedes Ar\u00e1oz\u00a0y al legislador oficialista\u00a0Carlos Bruce, para que ofrezcan sus <a class=\"mh-excerpt-more\" href=\"http:\/\/www.radiolibertadmundo.com\/web\/araoz-y-bruce-son-citados-por-la-fiscalia-por-presunta-compra-de-votos-a-favor-de-ppk\/\" title=\"Ar\u00e1oz y Bruce son citados por la Fiscal\u00eda por presunta compra de votos a favor de PPK\">[&#8230;]<\/a><\/p>\n<\/div>","protected":false},"author":1,"featured_media":17673,"comment_status":"open","ping_status":"open","sticky":false,"template":"","format":"gallery","meta":{"footnotes":""},"categories":[3],"tags":[],"class_list":["post-17672","post","type-post","status-publish","format-gallery","has-post-thumbnail","hentry","category-noticias","post_format-post-format-gallery"],"_links":{"self":[{"href":"http:\/\/www.radiolibertadmundo.com\/web\/wp-json\/wp\/v2\/posts\/17672","targetHints":{"allow":["GET"]}}],"collection":[{"href":"http:\/\/www.radiolibertadmundo.com\/web\/wp-json\/wp\/v2\/posts"}],"about":[{"href":"http:\/\/www.radiolibertadmundo.com\/web\/wp-json\/wp\/v2\/types\/post"}],"author":[{"embeddable":true,"href":"http:\/\/www.radiolibertadmundo.com\/web\/wp-json\/wp\/v2\/users\/1"}],"replies":[{"embeddable":true,"href":"http:\/\/www.radiolibertadmundo.com\/web\/wp-json\/wp\/v2\/comments?post=17672"}],"version-history":[{"count":2,"href":"http:\/\/www.radiolibertadmundo.com\/web\/wp-json\/wp\/v2\/posts\/17672\/revisions"}],"predecessor-version":[{"id":17675,"href":"http:\/\/www.radiolibertadmundo.com\/web\/wp-json\/wp\/v2\/posts\/17672\/revisions\/17675"}],"wp:featuredmedia":[{"embeddable":true,"href":"http:\/\/www.radiolibertadmundo.com\/web\/wp-json\/wp\/v2\/media\/17673"}],"wp:attachment":[{"href":"http:\/\/www.radiolibertadmundo.com\/web\/wp-json\/wp\/v2\/media?parent=17672"}],"wp:term":[{"taxonomy":"category","embeddable":true,"href":"http:\/\/www.radiolibertadmundo.com\/web\/wp-json\/wp\/v2\/categories?post=17672"},{"taxonomy":"post_tag","embeddable":true,"href":"http:\/\/www.radiolibertadmundo.com\/web\/wp-json\/wp\/v2\/tags?post=17672"}],"curies":[{"name":"wp","href":"https:\/\/api.w.org\/{rel}","templated":true}]}}